{"id":45871,"date":"2022-01-25T07:21:18","date_gmt":"2022-01-25T13:21:18","guid":{"rendered":"https:\/\/elreporterohgo.com\/noticias\/?p=45871"},"modified":"2022-01-25T10:34:49","modified_gmt":"2022-01-25T16:34:49","slug":"falta-sensibilidad-en-hospital-del-nino-dif","status":"publish","type":"post","link":"https:\/\/elreporterohgo.com\/noticias\/2022\/01\/25\/falta-sensibilidad-en-hospital-del-nino-dif\/","title":{"rendered":"Falta sensibilidad en Hospital del Ni\u00f1o DIF"},"content":{"rendered":"\n<figure class=\"wp-block-image\"><img fetchpriority=\"high\" decoding=\"async\" width=\"1024\" height=\"643\" src=\"https::\/\/elreporterohgo.com\/noticias\/wp-content\/uploads\/2022\/01\/ahosp-repor-2-1024x643.jpg\" alt=\"\" class=\"wp-image-45872\" srcset=\"https:\/\/elreporterohgo.com\/noticias\/wp-content\/uploads\/2022\/01\/ahosp-repor-2-1024x643.jpg 1024w, https:\/\/elreporterohgo.com\/noticias\/wp-content\/uploads\/2022\/01\/ahosp-repor-2-300x188.jpg 300w, https:\/\/elreporterohgo.com\/noticias\/wp-content\/uploads\/2022\/01\/ahosp-repor-2-768x482.jpg 768w, https:\/\/elreporterohgo.com\/noticias\/wp-content\/uploads\/2022\/01\/ahosp-repor-2.jpg 1616w\" sizes=\"(max-width: 1024px) 100vw, 1024px\" \/><\/figure>\n\n\n\n<p>Malos tratos\ny prepotencia es la constante<\/p>\n\n\n\n<p>Por Juan\nSabino Cruz<\/p>\n\n\n\n<p>Pachuca,\nHgo.- La falta de sensibilidad y marcada prepotencia en el actuar de algunos\nm\u00e9dicos y personal de trabajo social hace necesaria una inmediata investigaci\u00f3n\nal interior del Hospital del Ni\u00f1o DIF de Pachuca, en teor\u00eda deben atender con calidad\ny calidez a los pacientes y sus afligidos familiares de los enfermos, pero ocurre\ntodo lo contrario.<\/p>\n\n\n\n<p>En campa\u00f1as proselitistas se habl\u00f3 de otorgar servicios m\u00e9dicos de calidad a todos los hidalguenses, lamentablemente, esas promesas se olvidaron en el camino, jam\u00e1s se cumplieron pese a que el servicio jam\u00e1s ha sido gratuito y el costo es similar o cercano a una cl\u00ednica particular que no sobrevive con los impuestos del pueblo.<\/p>\n\n\n\n<p>La tarde del\ndomingo, al Hospital del Ni\u00f1o DIF ingres\u00f3 una ni\u00f1a de escasos 12 a\u00f1os, se\nquejaba de fuerte dolor abdominal, la madre mostr\u00f3 un ultrasonido y pareciera\nque era la causa para negarle atenci\u00f3n a la chiquilla.<\/p>\n\n\n\n<p>La desesperada madre lloraba suplicaba porque le atendieran a su ni\u00f1a, despu\u00e9s, llamaba por tel\u00e9fono, al parecer, pidiendo apoyo o alguna orientaci\u00f3n a sus familiares. Finalmente, si atendieron a la menor, sin embargo, no es justo que primero hagan sufrir a la familia.<\/p>\n\n\n\n<p>Tambi\u00e9n ingres\u00f3\nun chiquillo de escasos cuatro a\u00f1os, con un problema de convulsiones, por la\nemergencia, sus familiares primero lo hab\u00edan llevado a una cl\u00ednica particular\npara estabilizarlo, despu\u00e9s lo ingresaron al Hospital del Ni\u00f1o DIF.<\/p>\n\n\n\n<p>La m\u00e9dica, asignada al \u00e1rea de urgencias, estudiante de una residencia en el Hospital del Ni\u00f1o DIF, no agradece que puede aprender gracias a los pacientes que llegan al referido nosocomio infantil, primero cuestion\u00f3 por qu\u00e9 hab\u00eda sido sacado el ni\u00f1o de la cl\u00ednica particular, la madre expuso que lo llev\u00f3 por la emergencia, sin embargo, carece de recursos econ\u00f3micos para pagar un hospital privado.<\/p>\n\n\n\n<p>La m\u00e9dica respondi\u00f3\nque ah\u00ed tambi\u00e9n se le cobrar\u00eda bien por la atenci\u00f3n. <\/p>\n\n\n\n<p>Instantes despu\u00e9s, la trabajadora social del \u00e1rea de urgencias, llam\u00f3 a la madre del chiquillo enfermo y en franca discriminaci\u00f3n llam\u00f3 \u201cni\u00f1o especial\u201d al infante, despu\u00e9s, el carnet que ten\u00eda color amarillo asignado tras un estudio socioecon\u00f3mico, de un plumazo lo cambio a color a verde, esto para cobrar m\u00e1s dinero a la madre soltera que est\u00e1 desempleada por esta pandemia.<\/p>\n\n\n\n<p>Es marcada\nla falta de sensibilidad y autoritarismo del personal del Hospital del Ni\u00f1o DIF,\nurge concientizar y capacitar a ese personal inconsciente que parece ignora que\ntrabaja en un lugar donde debe tratar con calidad y calidez a la poblaci\u00f3n que\npor necesidad requiere atenci\u00f3n m\u00e9dica.<\/p>\n\n\n\n<p>Estos son\nsolamente dos ejemplos de los m\u00faltiples excesos que en un rato se pudieron ver\nal interior del Hospital del Ni\u00f1o, sin embargo, son abundantes las historias\nque viven familias humildes de Hidalguenses que soportan malos tratos a\ncondici\u00f3n de que atiendan a sus mejores.<\/p>\n\n\n\n<p>Es necesario que el gobernador Omar Fayad, integrantes de la Comisi\u00f3n de Salud del Congreso de Hidalgo y Comisi\u00f3n de Derechos Humanos pongan atenci\u00f3n al tema y pongan orden en este Hospital del Ni\u00f1o DIF para sensibilizar a malos servidores p\u00fablicos que hasta ahora exhiben que \u00fanicamente les interesa el dinero. <\/p>\n\n\n\n<p>Inclusive, parece estar de adorno el inoperante patronato que debe atender los problemas que existen al interior y exterios del referido hospital.<\/p>\n","protected":false},"excerpt":{"rendered":"<p>Malos tratos y prepotencia es la constante Por Juan Sabino Cruz Pachuca, Hgo.- La falta de sensibilidad y marcada prepotencia en el actuar de algunos m\u00e9dicos y personal de trabajo social hace necesaria una inmediata investigaci\u00f3n al interior del Hospital del Ni\u00f1o DIF de Pachuca, en teor\u00eda deben atender con calidad y calidez a los<\/p>\n","protected":false},"author":2,"featured_media":45872,"comment_status":"open","ping_status":"closed","sticky":false,"template":"","format":"standard","meta":{"footnotes":""},"categories":[10],"tags":[],"class_list":{"0":"post-45871","1":"post","2":"type-post","3":"status-publish","4":"format-standard","5":"has-post-thumbnail","7":"category-hidalgo"},"_links":{"self":[{"href":"https:\/\/elreporterohgo.com\/noticias\/wp-json\/wp\/v2\/posts\/45871","targetHints":{"allow":["GET"]}}],"collection":[{"href":"https:\/\/elreporterohgo.com\/noticias\/wp-json\/wp\/v2\/posts"}],"about":[{"href":"https:\/\/elreporterohgo.com\/noticias\/wp-json\/wp\/v2\/types\/post"}],"author":[{"embeddable":true,"href":"https:\/\/elreporterohgo.com\/noticias\/wp-json\/wp\/v2\/users\/2"}],"replies":[{"embeddable":true,"href":"https:\/\/elreporterohgo.com\/noticias\/wp-json\/wp\/v2\/comments?post=45871"}],"version-history":[{"count":5,"href":"https:\/\/elreporterohgo.com\/noticias\/wp-json\/wp\/v2\/posts\/45871\/revisions"}],"predecessor-version":[{"id":45888,"href":"https:\/\/elreporterohgo.com\/noticias\/wp-json\/wp\/v2\/posts\/45871\/revisions\/45888"}],"wp:featuredmedia":[{"embeddable":true,"href":"https:\/\/elreporterohgo.com\/noticias\/wp-json\/wp\/v2\/media\/45872"}],"wp:attachment":[{"href":"https:\/\/elreporterohgo.com\/noticias\/wp-json\/wp\/v2\/media?parent=45871"}],"wp:term":[{"taxonomy":"category","embeddable":true,"href":"https:\/\/elreporterohgo.com\/noticias\/wp-json\/wp\/v2\/categories?post=45871"},{"taxonomy":"post_tag","embeddable":true,"href":"https:\/\/elreporterohgo.com\/noticias\/wp-json\/wp\/v2\/tags?post=45871"}],"curies":[{"name":"wp","href":"https:\/\/api.w.org\/{rel}","templated":true}]}}