{"id":45854,"date":"2022-01-24T17:02:31","date_gmt":"2022-01-24T23:02:31","guid":{"rendered":"https:\/\/elreporterohgo.com\/noticias\/?p=45854"},"modified":"2022-01-24T17:02:32","modified_gmt":"2022-01-24T23:02:32","slug":"mujeres-y-jovenes-emprendedores-listos-para-sumarse-a-la-construccion-de-un-mejor-estado","status":"publish","type":"post","link":"https:\/\/elreporterohgo.com\/noticias\/2022\/01\/24\/mujeres-y-jovenes-emprendedores-listos-para-sumarse-a-la-construccion-de-un-mejor-estado\/","title":{"rendered":"Mujeres y j\u00f3venes emprendedores listos para sumarse a la construcci\u00f3n de un mejor Estado"},"content":{"rendered":"\n<figure class=\"wp-block-image\"><img fetchpriority=\"high\" decoding=\"async\" width=\"1024\" height=\"753\" src=\"https::\/\/elreporterohgo.com\/noticias\/wp-content\/uploads\/2022\/01\/Foto-1-6-1024x753.jpeg\" alt=\"\" class=\"wp-image-45855\" srcset=\"https:\/\/elreporterohgo.com\/noticias\/wp-content\/uploads\/2022\/01\/Foto-1-6-1024x753.jpeg 1024w, https:\/\/elreporterohgo.com\/noticias\/wp-content\/uploads\/2022\/01\/Foto-1-6-300x221.jpeg 300w, https:\/\/elreporterohgo.com\/noticias\/wp-content\/uploads\/2022\/01\/Foto-1-6-768x564.jpeg 768w, https:\/\/elreporterohgo.com\/noticias\/wp-content\/uploads\/2022\/01\/Foto-1-6.jpeg 1600w\" sizes=\"(max-width: 1024px) 100vw, 1024px\" \/><\/figure>\n\n\n\n<p>Pachuca, Hgo.- La precandidata del Partido\nAcci\u00f3n Nacional (PAN) a la gubernatura del estado, Carolina Viggiano Austria,\nse\u00f1al\u00f3 que las mujeres y j\u00f3venes, peque\u00f1os y medianos emprendedores est\u00e1n\nlistos para sumarse a la construcci\u00f3n de un mejor estado, participando de\nmanera directa en la toma de decisiones para alcanzar mayor desarrollo y\ncrecimiento.<\/p>\n\n\n\n<p>Pero para que eso suceda, dijo, es necesario\nimpulsar programas de acompa\u00f1amiento a sus proyectos con acceso a cr\u00e9ditos,\ncapacitaci\u00f3n y mayor empat\u00eda por parte del gobierno para que puedan crecer y\nconsolidarse y que no tengan la necesidad de migrar a otras entidades para\nencontrar oportunidades de desarrollo.<\/p>\n\n\n\n<p>En materia de seguridad la precandidata\nprecis\u00f3, que si no hay una coordinaci\u00f3n adecuada entre los diferentes niveles\nde gobierno, no se podr\u00e1 avanzar en la tarea de garantizar a los ciudadanos\nmejores condiciones en esta materia, pero tambi\u00e9n se debe trabajar para\nvincular el tema de seguridad con justicia porque siempre se corre el riesgo de\ntener mayor impunidad y a su vez m\u00e1s inseguridad.<\/p>\n\n\n\n<p>Dijo que el sistema de seguridad con justicia,\nes de los asuntos que merece mayor atenci\u00f3n en todo el estado y particularmente\ndesde los municipios, porque si las pol\u00edticas no funcionan desde lo local, nada\nfuncionar\u00e1 para abatir los \u00edndices de inseguridad. \u201cLo que tenemos que hacer es\nimpulsar pol\u00edticas p\u00fablicas para que los ciudadanos tengan acceso a estos\nbeneficios, pero tambi\u00e9n para que las autoridades capaciten a sus elementos y\nlos certifiquen para lograr que funcione el sistema\u201d, puntualiz\u00f3.<\/p>\n\n\n\n<p>En entrevista, la precandidata sostuvo que se\ndebe trabajar con perspectiva metropolitana, en la que participen los alcaldes\nen la estructuraci\u00f3n de un plan en el que todos sean tomados en cuenta para\nimpulsar un proyecto de seguridad estatal, con desarrollo regional que\ncontribuya al crecimiento de la entidad.<\/p>\n\n\n\n<p>\u201cHay que voltear al interior del estado,\nciertamente la ciudad capital es un espacio donde est\u00e1n los poderes p\u00fablicos,\npero las necesidades m\u00e1s apremiantes est\u00e1n al interior de la entidad\u201d,\nenfatiz\u00f3.<\/p>\n\n\n\n<p>En materia de salud sostuvo que, con la\nactual administraci\u00f3n federal los servicios m\u00e9dicos est\u00e1n peor que nunca; se ha\nregistrado un retroceso de m\u00e1s de dos d\u00e9cadas con hospitales pr\u00e1cticamente\nabandonados, sin m\u00e9dicos ni medicinas y falta absoluta de recursos para\nmantenimiento a infraestructura hospitalaria.<\/p>\n\n\n\n<p>Para atender esta problem\u00e1tica, dijo, es\nprobable que se tenga que hacer frente con los recursos estatales disponibles,\nporque el gobierno federal ha decidido abandonar a los estados y hacer hasta\ntres recortes de participaciones al a\u00f1o de un presupuesto millonario que las y\nlos diputados federales le han asignado al sector salud. \u201cLas fallas en el\nsistema de salud es lo peor que nos est\u00e1 pasando, porque los empleos se pueden\nrecuperar, pero la vida de los familiares nunca\u201d, concluy\u00f3.<\/p>\n","protected":false},"excerpt":{"rendered":"<p>Pachuca, Hgo.- La precandidata del Partido Acci\u00f3n Nacional (PAN) a la gubernatura del estado, Carolina Viggiano Austria, se\u00f1al\u00f3 que las mujeres y j\u00f3venes, peque\u00f1os y medianos emprendedores est\u00e1n listos para sumarse a la construcci\u00f3n de un mejor estado, participando de manera directa en la toma de decisiones para alcanzar mayor desarrollo y crecimiento. Pero para<\/p>\n","protected":false},"author":2,"featured_media":45855,"comment_status":"open","ping_status":"closed","sticky":false,"template":"","format":"standard","meta":{"footnotes":""},"categories":[10],"tags":[],"class_list":{"0":"post-45854","1":"post","2":"type-post","3":"status-publish","4":"format-standard","5":"has-post-thumbnail","7":"category-hidalgo"},"_links":{"self":[{"href":"https:\/\/elreporterohgo.com\/noticias\/wp-json\/wp\/v2\/posts\/45854","targetHints":{"allow":["GET"]}}],"collection":[{"href":"https:\/\/elreporterohgo.com\/noticias\/wp-json\/wp\/v2\/posts"}],"about":[{"href":"https:\/\/elreporterohgo.com\/noticias\/wp-json\/wp\/v2\/types\/post"}],"author":[{"embeddable":true,"href":"https:\/\/elreporterohgo.com\/noticias\/wp-json\/wp\/v2\/users\/2"}],"replies":[{"embeddable":true,"href":"https:\/\/elreporterohgo.com\/noticias\/wp-json\/wp\/v2\/comments?post=45854"}],"version-history":[{"count":1,"href":"https:\/\/elreporterohgo.com\/noticias\/wp-json\/wp\/v2\/posts\/45854\/revisions"}],"predecessor-version":[{"id":45856,"href":"https:\/\/elreporterohgo.com\/noticias\/wp-json\/wp\/v2\/posts\/45854\/revisions\/45856"}],"wp:featuredmedia":[{"embeddable":true,"href":"https:\/\/elreporterohgo.com\/noticias\/wp-json\/wp\/v2\/media\/45855"}],"wp:attachment":[{"href":"https:\/\/elreporterohgo.com\/noticias\/wp-json\/wp\/v2\/media?parent=45854"}],"wp:term":[{"taxonomy":"category","embeddable":true,"href":"https:\/\/elreporterohgo.com\/noticias\/wp-json\/wp\/v2\/categories?post=45854"},{"taxonomy":"post_tag","embeddable":true,"href":"https:\/\/elreporterohgo.com\/noticias\/wp-json\/wp\/v2\/tags?post=45854"}],"curies":[{"name":"wp","href":"https:\/\/api.w.org\/{rel}","templated":true}]}}