{"id":45836,"date":"2022-01-22T13:28:12","date_gmt":"2022-01-22T19:28:12","guid":{"rendered":"https:\/\/elreporterohgo.com\/noticias\/?p=45836"},"modified":"2022-01-22T13:28:13","modified_gmt":"2022-01-22T19:28:13","slug":"tres-ejecutados-y-lesionados-en-ixmiquilpan","status":"publish","type":"post","link":"https:\/\/elreporterohgo.com\/noticias\/2022\/01\/22\/tres-ejecutados-y-lesionados-en-ixmiquilpan\/","title":{"rendered":"Tres ejecutados y lesionados en Ixmiquilpan"},"content":{"rendered":"\n<figure class=\"wp-block-image\"><img fetchpriority=\"high\" decoding=\"async\" width=\"764\" height=\"514\" src=\"https::\/\/elreporterohgo.com\/noticias\/wp-content\/uploads\/2022\/01\/ab868b71-a0e9-441a-a23f-e8cc96d3f88c-2.jpg\" alt=\"\" class=\"wp-image-45837\" srcset=\"https:\/\/elreporterohgo.com\/noticias\/wp-content\/uploads\/2022\/01\/ab868b71-a0e9-441a-a23f-e8cc96d3f88c-2.jpg 764w, https:\/\/elreporterohgo.com\/noticias\/wp-content\/uploads\/2022\/01\/ab868b71-a0e9-441a-a23f-e8cc96d3f88c-2-300x202.jpg 300w\" sizes=\"(max-width: 764px) 100vw, 764px\" \/><\/figure>\n\n\n\n<figure class=\"wp-block-image\"><img decoding=\"async\" width=\"1024\" height=\"577\" src=\"https::\/\/elreporterohgo.com\/noticias\/wp-content\/uploads\/2022\/01\/eee7fa5f-1e67-41b5-a440-8ccebc78e3c3-1024x577.jpg\" alt=\"\" class=\"wp-image-45838\" srcset=\"https:\/\/elreporterohgo.com\/noticias\/wp-content\/uploads\/2022\/01\/eee7fa5f-1e67-41b5-a440-8ccebc78e3c3-1024x577.jpg 1024w, https:\/\/elreporterohgo.com\/noticias\/wp-content\/uploads\/2022\/01\/eee7fa5f-1e67-41b5-a440-8ccebc78e3c3-300x169.jpg 300w, https:\/\/elreporterohgo.com\/noticias\/wp-content\/uploads\/2022\/01\/eee7fa5f-1e67-41b5-a440-8ccebc78e3c3-768x432.jpg 768w, https:\/\/elreporterohgo.com\/noticias\/wp-content\/uploads\/2022\/01\/eee7fa5f-1e67-41b5-a440-8ccebc78e3c3.jpg 1600w\" sizes=\"(max-width: 1024px) 100vw, 1024px\" \/><\/figure>\n\n\n\n<p>IXMIQUILPAN, Hgo.- La Procuradur\u00eda General de Justicia del Estado de Hidalgo (PGJEH), inici\u00f3 carpeta de investigaci\u00f3n por homicidio doloso, lesiones y lo que resulte, por hechos ocurridos en Ixmiquilpan.<\/p>\n\n\n\n<p>Elementos de la polic\u00eda municipal, informaron sobre el\nhallazgo del cuerpo sin vida de una persona del sexo masculino, el cual\npresenta lesiones por proyectil de arma de fuego. <\/p>\n\n\n\n<p>De igual forma, se inform\u00f3 de dos personas lesionadas por\nproyectil de arma de fuego, mismas&nbsp;que fueron trasladados a un hospital,\npara recibir atenci\u00f3n m\u00e9dica.<\/p>\n\n\n\n<p>Elementos de la Divisi\u00f3n de investigaci\u00f3n, arribaron al\nlugar de los hechos, donde fueron localizados dos cuerpos m\u00e1s, sin vida.<\/p>\n\n\n\n<p>Personal de la Divisi\u00f3n cient\u00edfica, se encuentra realizando las diligencias correspondiente\u00a0en el lugar de los hechos.<\/p>\n\n\n","protected":false},"excerpt":{"rendered":"<p>IXMIQUILPAN, Hgo.- La Procuradur\u00eda General de Justicia del Estado de Hidalgo (PGJEH), inici\u00f3 carpeta de investigaci\u00f3n por homicidio doloso, lesiones y lo que resulte, por hechos ocurridos en Ixmiquilpan. Elementos de la polic\u00eda municipal, informaron sobre el hallazgo del cuerpo sin vida de una persona del sexo masculino, el cual presenta lesiones por proyectil de<\/p>\n","protected":false},"author":2,"featured_media":45837,"comment_status":"open","ping_status":"closed","sticky":false,"template":"","format":"standard","meta":{"footnotes":""},"categories":[10],"tags":[],"class_list":{"0":"post-45836","1":"post","2":"type-post","3":"status-publish","4":"format-standard","5":"has-post-thumbnail","7":"category-hidalgo"},"_links":{"self":[{"href":"https:\/\/elreporterohgo.com\/noticias\/wp-json\/wp\/v2\/posts\/45836","targetHints":{"allow":["GET"]}}],"collection":[{"href":"https:\/\/elreporterohgo.com\/noticias\/wp-json\/wp\/v2\/posts"}],"about":[{"href":"https:\/\/elreporterohgo.com\/noticias\/wp-json\/wp\/v2\/types\/post"}],"author":[{"embeddable":true,"href":"https:\/\/elreporterohgo.com\/noticias\/wp-json\/wp\/v2\/users\/2"}],"replies":[{"embeddable":true,"href":"https:\/\/elreporterohgo.com\/noticias\/wp-json\/wp\/v2\/comments?post=45836"}],"version-history":[{"count":1,"href":"https:\/\/elreporterohgo.com\/noticias\/wp-json\/wp\/v2\/posts\/45836\/revisions"}],"predecessor-version":[{"id":45840,"href":"https:\/\/elreporterohgo.com\/noticias\/wp-json\/wp\/v2\/posts\/45836\/revisions\/45840"}],"wp:featuredmedia":[{"embeddable":true,"href":"https:\/\/elreporterohgo.com\/noticias\/wp-json\/wp\/v2\/media\/45837"}],"wp:attachment":[{"href":"https:\/\/elreporterohgo.com\/noticias\/wp-json\/wp\/v2\/media?parent=45836"}],"wp:term":[{"taxonomy":"category","embeddable":true,"href":"https:\/\/elreporterohgo.com\/noticias\/wp-json\/wp\/v2\/categories?post=45836"},{"taxonomy":"post_tag","embeddable":true,"href":"https:\/\/elreporterohgo.com\/noticias\/wp-json\/wp\/v2\/tags?post=45836"}],"curies":[{"name":"wp","href":"https:\/\/api.w.org\/{rel}","templated":true}]}}