{"id":45800,"date":"2022-01-21T13:30:08","date_gmt":"2022-01-21T19:30:08","guid":{"rendered":"https:\/\/elreporterohgo.com\/noticias\/?p=45800"},"modified":"2022-01-21T13:30:09","modified_gmt":"2022-01-21T19:30:09","slug":"ernestina-godoy-rindio-segundo-informe-al-frente-de-fiscalia-general-de-la-cdmx","status":"publish","type":"post","link":"https:\/\/elreporterohgo.com\/noticias\/2022\/01\/21\/ernestina-godoy-rindio-segundo-informe-al-frente-de-fiscalia-general-de-la-cdmx\/","title":{"rendered":"Ernestina Godoy rindi\u00f3 segundo informe al frente de Fiscalia General de la CDMX"},"content":{"rendered":"\n<figure class=\"wp-block-image\"><img fetchpriority=\"high\" decoding=\"async\" width=\"680\" height=\"453\" src=\"https::\/\/elreporterohgo.com\/noticias\/wp-content\/uploads\/2022\/01\/92d754d8-c351-4da4-8cf0-fd12b96a5d04.jpg\" alt=\"\" class=\"wp-image-45801\" srcset=\"https:\/\/elreporterohgo.com\/noticias\/wp-content\/uploads\/2022\/01\/92d754d8-c351-4da4-8cf0-fd12b96a5d04.jpg 680w, https:\/\/elreporterohgo.com\/noticias\/wp-content\/uploads\/2022\/01\/92d754d8-c351-4da4-8cf0-fd12b96a5d04-300x200.jpg 300w\" sizes=\"(max-width: 680px) 100vw, 680px\" \/><\/figure>\n\n\n\n<p>CDMX.- Ernestina Godoy Ramos rindi\u00f3 su segundo informe de actividades al frente de la Fiscalia General de la CDMX, el d\u00eda de ayer, manifest\u00f3 un claro avance en procuraci\u00f3n de justicia en la capital del pa\u00eds, dentro de los logros m\u00e1s notables est\u00e1 el combate a la corrupci\u00f3n, la violencia de g\u00e9nero hacia las mujeres y la trata de personas, problem\u00e1ticas que tambi\u00e9n aquejan a gran parte de nuestro Estado, \u00abEn este tiempo hemos transformado la forma de procurar justicia en nuestra ciudad capital, que por mucho tiempo estuvo asociada a corrupci\u00f3n, maltrato, tortura, al castigo a los inocentes y, muchas veces, a la protecci\u00f3n de culpables.<\/p>\n\n\n\n<p>Hemos puesto, al centro, a las v\u00edctimas y el respeto a los\nderechos humanos. Esto rige nuestras actuaciones<\/p>\n\n\n\n<p>a transformaci\u00f3n ha significado; fortalecer la investigaci\u00f3n;\ndesarticular grupos criminales generadores de violencia y de inseguridad;\nincrementar nuestra eficiencia ministerial para vincular y lograr sentencias a\nlos culpables; robustecer nuestro modelo de atenci\u00f3n y protecci\u00f3n a las\nv\u00edctimas.<\/p>\n\n\n\n<p>El objetivo es garantizarles a todas las personas el\nejercicio pleno de sus derechos. El respeto a la ley y el acceso a la justicia,\nson elementos esenciales para la convivencia de una sociedad democr\u00e1tica.<\/p>\n\n\n\n<p>Estamos en una etapa de transici\u00f3n de la extinta\nprocuradur\u00eda a la nueva Fiscal\u00eda. Ello ha significado un trabajo de\nreorganizaci\u00f3n interna que nos permite cambiar para ser mejores ante las y los\nciudadanos, implica romper inercias, combatir vicios y eliminar malas\npr\u00e1cticas.<\/p>\n\n\n\n<p>Se equivoca quien piensa que la creaci\u00f3n de la Fiscal\u00eda, es\ns\u00f3lo un cambio de fachadas, es una nueva instituci\u00f3n integrada con los mejores\nelementos.<\/p>\n\n\n\n<p>Durante este a\u00f1o, la Unidad de Asuntos Internos suspendi\u00f3 a\n59 servidores p\u00fablicos, seis Ministerios P\u00fablicos responsables de agencia, tres\nministerios p\u00fablicos supervisores, 32 Ministerios P\u00fablicos, 14 oficiales\nsecretarios y cuatro peritos.<\/p>\n\n\n\n<p>Quiero reconocer a la Jefa de Gobierno, Dra. Claudia\nSheinbaum Pardo; al Secretario de Seguridad Ciudadana, Omar Garc\u00eda Harfuch; al\nsecretario de Gobierno, Mart\u00ed Batres Guadarrama; al consejo jur\u00eddico, N\u00e9stor\nVargas; al presidente del Consejo Ciudadano para Seguridad y Procuraci\u00f3n de\nJusticia; nuestro amigo Salvador Guerrero Chip\u00e9s; a la representaci\u00f3n del\ngobierno de M\u00e9xico; al Comandante de la Primera Zona Militar, Eugenio Leonardo\nL\u00f3pez Arellanes, de la Secretar\u00eda de la Defensa Nacional; al General Miguel\nAntonio S\u00e1nchez Blancas, comandante de la Guardia Nacional; a nuestras amigas\nrepresentantes de la Secretar\u00eda del Bienestar y de la Secretar\u00eda de Seguridad Ciudadana,\nquienes integramos el gabinete para la Construcci\u00f3n de la Paz y la Seguridad,\ndonde nos reunimos todos los d\u00edas para intercambiar informaci\u00f3n, definir\nacciones y evaluar resultados\u00bb<\/p>\n","protected":false},"excerpt":{"rendered":"<p>CDMX.- Ernestina Godoy Ramos rindi\u00f3 su segundo informe de actividades al frente de la Fiscalia General de la CDMX, el d\u00eda de ayer, manifest\u00f3 un claro avance en procuraci\u00f3n de justicia en la capital del pa\u00eds, dentro de los logros m\u00e1s notables est\u00e1 el combate a la corrupci\u00f3n, la violencia de g\u00e9nero hacia las mujeres<\/p>\n","protected":false},"author":2,"featured_media":45801,"comment_status":"open","ping_status":"closed","sticky":false,"template":"","format":"standard","meta":{"footnotes":""},"categories":[10],"tags":[],"class_list":{"0":"post-45800","1":"post","2":"type-post","3":"status-publish","4":"format-standard","5":"has-post-thumbnail","7":"category-hidalgo"},"_links":{"self":[{"href":"https:\/\/elreporterohgo.com\/noticias\/wp-json\/wp\/v2\/posts\/45800","targetHints":{"allow":["GET"]}}],"collection":[{"href":"https:\/\/elreporterohgo.com\/noticias\/wp-json\/wp\/v2\/posts"}],"about":[{"href":"https:\/\/elreporterohgo.com\/noticias\/wp-json\/wp\/v2\/types\/post"}],"author":[{"embeddable":true,"href":"https:\/\/elreporterohgo.com\/noticias\/wp-json\/wp\/v2\/users\/2"}],"replies":[{"embeddable":true,"href":"https:\/\/elreporterohgo.com\/noticias\/wp-json\/wp\/v2\/comments?post=45800"}],"version-history":[{"count":1,"href":"https:\/\/elreporterohgo.com\/noticias\/wp-json\/wp\/v2\/posts\/45800\/revisions"}],"predecessor-version":[{"id":45802,"href":"https:\/\/elreporterohgo.com\/noticias\/wp-json\/wp\/v2\/posts\/45800\/revisions\/45802"}],"wp:featuredmedia":[{"embeddable":true,"href":"https:\/\/elreporterohgo.com\/noticias\/wp-json\/wp\/v2\/media\/45801"}],"wp:attachment":[{"href":"https:\/\/elreporterohgo.com\/noticias\/wp-json\/wp\/v2\/media?parent=45800"}],"wp:term":[{"taxonomy":"category","embeddable":true,"href":"https:\/\/elreporterohgo.com\/noticias\/wp-json\/wp\/v2\/categories?post=45800"},{"taxonomy":"post_tag","embeddable":true,"href":"https:\/\/elreporterohgo.com\/noticias\/wp-json\/wp\/v2\/tags?post=45800"}],"curies":[{"name":"wp","href":"https:\/\/api.w.org\/{rel}","templated":true}]}}