{"id":45783,"date":"2022-01-20T13:48:03","date_gmt":"2022-01-20T19:48:03","guid":{"rendered":"https:\/\/elreporterohgo.com\/noticias\/?p=45783"},"modified":"2022-01-20T14:16:53","modified_gmt":"2022-01-20T20:16:53","slug":"recuperan-camioneta-robada-y-capturan-a-un-sujeto-armado","status":"publish","type":"post","link":"https:\/\/elreporterohgo.com\/noticias\/2022\/01\/20\/recuperan-camioneta-robada-y-capturan-a-un-sujeto-armado\/","title":{"rendered":"Recuperan camioneta robada y capturan a un sujeto armado"},"content":{"rendered":"\n<figure class=\"wp-block-image\"><img fetchpriority=\"high\" decoding=\"async\" width=\"1024\" height=\"791\" src=\"https::\/\/elreporterohgo.com\/noticias\/wp-content\/uploads\/2022\/01\/apan-2-1024x791.jpg\" alt=\"\" class=\"wp-image-45787\" srcset=\"https:\/\/elreporterohgo.com\/noticias\/wp-content\/uploads\/2022\/01\/apan-2-1024x791.jpg 1024w, https:\/\/elreporterohgo.com\/noticias\/wp-content\/uploads\/2022\/01\/apan-2-300x232.jpg 300w, https:\/\/elreporterohgo.com\/noticias\/wp-content\/uploads\/2022\/01\/apan-2-768x593.jpg 768w, https:\/\/elreporterohgo.com\/noticias\/wp-content\/uploads\/2022\/01\/apan-2.jpg 1650w\" sizes=\"(max-width: 1024px) 100vw, 1024px\" \/><figcaption>Detenido por robo de vehiculo.<\/figcaption><\/figure>\n\n\n\n<p><\/p>\n\n\n\n<figure class=\"wp-block-image\"><img decoding=\"async\" width=\"956\" height=\"1024\" src=\"https::\/\/elreporterohgo.com\/noticias\/wp-content\/uploads\/2022\/01\/a-loco-2-956x1024.jpg\" alt=\"\" class=\"wp-image-45784\" srcset=\"https:\/\/elreporterohgo.com\/noticias\/wp-content\/uploads\/2022\/01\/a-loco-2-956x1024.jpg 956w, https:\/\/elreporterohgo.com\/noticias\/wp-content\/uploads\/2022\/01\/a-loco-2-280x300.jpg 280w, https:\/\/elreporterohgo.com\/noticias\/wp-content\/uploads\/2022\/01\/a-loco-2-768x822.jpg 768w, https:\/\/elreporterohgo.com\/noticias\/wp-content\/uploads\/2022\/01\/a-loco-2.jpg 1006w\" sizes=\"(max-width: 956px) 100vw, 956px\" \/><figcaption>Armado con una pistola amenaaba en el mercado de Apan <\/figcaption><\/figure>\n\n\n\n<p>Efectivo\ntrabajo de Seguridad Municipal de Apan<\/p>\n\n\n\n<p>Por\nGERARDO SOL<\/p>\n\n\n\n<p>Apan,\nHgo.- Agentes de Seguridad Municipal lograron la captura de un sujeto que con\nun arma de fuego amagaba a transe\u00fantes en el mercado de esta ciudad.&nbsp; Tambi\u00e9n recuperaron una camioneta que hab\u00eda sido\nrobada.<\/p>\n\n\n\n<p>Agentes en\ncampo de la Direcci\u00f3n de Seguridad P\u00fablica y Movilidad Municipal de Apan,\naseguran a masculino y arma de fuego, denunciado de manera an\u00f3nima por amenazar\na transe\u00fantes.<\/p>\n\n\n\n<p>Fue mediante\nun reporte an\u00f3nimo a la central de radio, donde se dio de conocimiento de una\npersona que se encontraba al interior del mercado municipal amenazando con el\narma a los transe\u00fantes y a un locatario.<\/p>\n\n\n\n<p>Fueron\nimplementadas estrategias t\u00e1ctico &#8211; operativas, siendo al interior del mercado\npor una \u00e1rea comercial de accesorios donde se localiz\u00f3 al masculino, mismo que\nal practicarle una inspecci\u00f3n corporal le fue localizada la arma de fuego.<\/p>\n\n\n\n<p>El masculino\ncomo la arma de fuego quedaron asegurados para las diligencias en consecuencia;\nquedando a disposici\u00f3n de la autoridad competente.<\/p>\n\n\n\n<p>RECUPERAN\nCAMIONETA<\/p>\n\n\n\n<p>Agentes en\ncampo de la Direcci\u00f3n de Seguridad P\u00fablica y Movilidad Municipal de Apan, en\ncoordinaci\u00f3n con la Agencia de Seguridad del Estado comisionados en la regi\u00f3n,\nrecuperan veh\u00edculo previamente robado, aseguran a masculino y veh\u00edculo\ninvolucrado en el incidente.<\/p>\n\n\n\n<p>Fue mediante\nun reporte an\u00f3nimo al n\u00famero de emergencias de central de radio, donde se dio\nde conocimiento del robo de una camioneta en la calle Lauro L. M\u00e9ndez, colonia\ncentro de Apan, aportando datos del veh\u00edculo de donde hab\u00edan descendido las\npersonas involucradas en el robo del automotor.<\/p>\n\n\n\n<p>Fueron implementadas estrategias\nt\u00e1ctico &#8211; operativas, siendo asistidos por el Centro de Comunicaciones (C-2),\nimplement\u00e1ndose cercos virtuales en la regi\u00f3n.<\/p>\n\n\n\n<p>De manera\nsimult\u00e1nea a estas acciones se recibi\u00f3 el llamado de un familiar de la parte\nafectada quien iba siguiendo la camioneta previamente robada y el veh\u00edculo que\nhab\u00eda participado en el hecho, motivo por el cual las corporaciones de\nemergencias de manera coordinada dieron alcance a estas unidades.<\/p>\n\n\n\n<p>Siendo hasta\nun camino de terracer\u00eda perteneciente a la localidad de San Sebasti\u00e1n, donde\nefectivos de Polic\u00eda del Estado dieron alcance a la camioneta reportada como\nrobada, misma que hab\u00edan dejado abandonada.<\/p>\n\n\n\n<p>De manera\nsimult\u00e1nea en estas acciones efectivos de Polic\u00eda Municipal implementando\nacciones estrat\u00e9gicas lograron intervenir un veh\u00edculo, del cual contaban con\ncaracter\u00edsticas y medios de identificaci\u00f3n, encontr\u00e1ndose un masculino abordo\nquien al realizarle una inspecci\u00f3n corporal le fueron localizados diferentes\nartefactos e instrumentos empleados para el robo de veh\u00edculos.<\/p>\n\n\n\n<p>Por lo cual\nel masculino como el veh\u00edculo quedaron asegurados para las diligencias en\nconsecuencia; quedando a disposici\u00f3n de la autoridad competente.<\/p>\n\n\n\n<p>En estas\nacciones fue localizada la parte afectada quien por voluntad propia fue su\ndeseo iniciar carpeta de investigaci\u00f3n correspondiente.<\/p>\n\n\n\n<p>En caso de\nemergencias:<\/p>\n\n\n\n<p>&nbsp;\ud83d\udcde 089 Denuncia An\u00f3nima <\/p>\n\n\n\n<p>&nbsp;\u260e\ufe0f 911\nEmergencias<\/p>\n\n\n\n<p>&nbsp;\ud83d\ude94 748 912 01 55 Comandancia Municipal<\/p>\n\n\n\n<p>&nbsp;\ud83d\udc68\ud83c\udffd\u200d\ud83d\udcbb 775 157 16 64 SeguriCh@t<\/p>\n\n\n\n<p>Prevenci\u00f3n\nes lo que hacemos,<\/p>\n\n\n\n<p>#SeguridadLoQueLogramos<\/p>\n","protected":false},"excerpt":{"rendered":"<p>Efectivo trabajo de Seguridad Municipal de Apan Por GERARDO SOL Apan, Hgo.- Agentes de Seguridad Municipal lograron la captura de un sujeto que con un arma de fuego amagaba a transe\u00fantes en el mercado de esta ciudad.&nbsp; Tambi\u00e9n recuperaron una camioneta que hab\u00eda sido robada. Agentes en campo de la Direcci\u00f3n de Seguridad P\u00fablica y<\/p>\n","protected":false},"author":2,"featured_media":45784,"comment_status":"open","ping_status":"closed","sticky":false,"template":"","format":"standard","meta":{"footnotes":""},"categories":[10],"tags":[],"class_list":{"0":"post-45783","1":"post","2":"type-post","3":"status-publish","4":"format-standard","5":"has-post-thumbnail","7":"category-hidalgo"},"_links":{"self":[{"href":"https:\/\/elreporterohgo.com\/noticias\/wp-json\/wp\/v2\/posts\/45783","targetHints":{"allow":["GET"]}}],"collection":[{"href":"https:\/\/elreporterohgo.com\/noticias\/wp-json\/wp\/v2\/posts"}],"about":[{"href":"https:\/\/elreporterohgo.com\/noticias\/wp-json\/wp\/v2\/types\/post"}],"author":[{"embeddable":true,"href":"https:\/\/elreporterohgo.com\/noticias\/wp-json\/wp\/v2\/users\/2"}],"replies":[{"embeddable":true,"href":"https:\/\/elreporterohgo.com\/noticias\/wp-json\/wp\/v2\/comments?post=45783"}],"version-history":[{"count":2,"href":"https:\/\/elreporterohgo.com\/noticias\/wp-json\/wp\/v2\/posts\/45783\/revisions"}],"predecessor-version":[{"id":45788,"href":"https:\/\/elreporterohgo.com\/noticias\/wp-json\/wp\/v2\/posts\/45783\/revisions\/45788"}],"wp:featuredmedia":[{"embeddable":true,"href":"https:\/\/elreporterohgo.com\/noticias\/wp-json\/wp\/v2\/media\/45784"}],"wp:attachment":[{"href":"https:\/\/elreporterohgo.com\/noticias\/wp-json\/wp\/v2\/media?parent=45783"}],"wp:term":[{"taxonomy":"category","embeddable":true,"href":"https:\/\/elreporterohgo.com\/noticias\/wp-json\/wp\/v2\/categories?post=45783"},{"taxonomy":"post_tag","embeddable":true,"href":"https:\/\/elreporterohgo.com\/noticias\/wp-json\/wp\/v2\/tags?post=45783"}],"curies":[{"name":"wp","href":"https:\/\/api.w.org\/{rel}","templated":true}]}}