{"id":45744,"date":"2022-01-18T15:28:14","date_gmt":"2022-01-18T21:28:14","guid":{"rendered":"https:\/\/elreporterohgo.com\/noticias\/?p=45744"},"modified":"2022-01-18T15:28:15","modified_gmt":"2022-01-18T21:28:15","slug":"suministro-electrico-para-todos-los-mexicanos","status":"publish","type":"post","link":"https:\/\/elreporterohgo.com\/noticias\/2022\/01\/18\/suministro-electrico-para-todos-los-mexicanos\/","title":{"rendered":"Suministro el\u00e9ctrico para todos los mexicanos"},"content":{"rendered":"\n<figure class=\"wp-block-image\"><img fetchpriority=\"high\" decoding=\"async\" width=\"1024\" height=\"683\" src=\"https::\/\/elreporterohgo.com\/noticias\/wp-content\/uploads\/2022\/01\/unnamed-2022-01-18T152514.310-1024x683.jpg\" alt=\"\" class=\"wp-image-45745\" srcset=\"https:\/\/elreporterohgo.com\/noticias\/wp-content\/uploads\/2022\/01\/unnamed-2022-01-18T152514.310-1024x683.jpg 1024w, https:\/\/elreporterohgo.com\/noticias\/wp-content\/uploads\/2022\/01\/unnamed-2022-01-18T152514.310-300x200.jpg 300w, https:\/\/elreporterohgo.com\/noticias\/wp-content\/uploads\/2022\/01\/unnamed-2022-01-18T152514.310-768x512.jpg 768w, https:\/\/elreporterohgo.com\/noticias\/wp-content\/uploads\/2022\/01\/unnamed-2022-01-18T152514.310.jpg 1920w\" sizes=\"(max-width: 1024px) 100vw, 1024px\" \/><\/figure>\n\n\n\n<p>Ciudad\nde M\u00e9xico.- El gobernador Omar Fayad, en su car\u00e1cter de presidente de la Conferencia\nNacional de Gobernadores (Conago), particip\u00f3 en la inauguraci\u00f3n de los \u201cForos\nde parlamento abierto para la reforma energ\u00e9tica\u201d, en compa\u00f1\u00eda diez\ngobernadores y los coordinadores de todas las fracciones parlamentarias, en donde\nse discute y analiza la iniciativa de modificaci\u00f3n de los art\u00edculos 25, 27 y 28\nconstitucionales, enviada por el presidente L\u00f3pez Obrador. <\/p>\n\n\n\n<p>Durante\nsu participaci\u00f3n, el mandatario hidalguense destac\u00f3 los avances hist\u00f3ricos que\nse han logrado en materia energ\u00e9tica y reconoci\u00f3 que a\u00fan persisten pendientes\npor atender. En este sentido, dijo que todav\u00eda es necesario lograr un M\u00e9xico\nequilibrado, con desarrollo y crecimiento, igual para todos, pero con un medio\nambiente sostenible y sin afectar las finanzas p\u00fablicas.<\/p>\n\n\n\n<p>Manifest\u00f3\nel compromiso de quienes integran la Conago, con base en su responsabilidad\ncomo Ejecutivos estatales, \u201cpara acercarles a esta Legislatura argumentos que\npermitan enriquecer el debate parlamentario\u201d y toda vez que la reforma tiene\ncar\u00e1cter de constitucional deber\u00e1 ser analizada, discutida y votada en cada uno\nde los Congresos locales, \u201cpor eso resulta important\u00edsima la participaci\u00f3n de\nlas y los gobernadores\u201d.<\/p>\n\n\n\n<p>Por eso,\nenfatiz\u00f3 que la reforma propuesta representa una gran oportunidad para lograr\nun desarrollo justo en el pa\u00eds con la colaboraci\u00f3n de las entidades federativas\ny que es necesario garantizar el acceso al suministro el\u00e9ctrico para todos los\nmexicanos al m\u00e1s alto nivel posible. <\/p>\n\n\n\n<p>\u201cMe atrever\u00eda a\nasegurar, que todos estamos de acuerdo en que el derecho al acceso a la energ\u00eda\nel\u00e9ctrica debe estar garantizado a los mexicanos al m\u00e1s alto nivel, hoy tenemos\nestablecido constitucionalmente el derecho al internet y a las\ntelecomunicaciones; sin embargo, sin electricidad esto no es concebible lo que\nnos lleva a la reflexi\u00f3n de lo vital que resulta, esto es llevemos el derecho a\nla electricidad tambi\u00e9n a rangos constitucionales exactamente igual que\nllevamos el internet\u201d, expuso Fayad.<\/p>\n\n\n\n<p>Asimismo,\ncomo parte de la estrategia para incentivar el mercado de la electromovilidad\nen el pa\u00eds, donde Hidalgo se ha posicionado como el principal productor de\nveh\u00edculos el\u00e9ctricos con un 75 por ciento (%) del mercado nacional a trav\u00e9s de\nla empresa JAC, habl\u00f3 de la importancia de aprovechar la reforma para ver de\nfrente al futuro, por lo que como segunda propuesta, plante\u00f3 que tambi\u00e9n se\naproveche el foro de discusi\u00f3n para que se consideren incentivos fiscales para\nlos veh\u00edculos el\u00e9ctricos. <\/p>\n\n\n\n<p>Como\nrepresentante los gobernadores del pa\u00eds, se\u00f1al\u00f3 que, para alcanzar un\ndesarrollo homog\u00e9neo en todas las entidades, es importante que la\ninfraestructura de generaci\u00f3n, transmisi\u00f3n y distribuci\u00f3n, se planifique de\nmanera regional, escuchando la voz de los estados. Por este motivo, como\ntercera propuesta, solicit\u00f3 a los legisladores que las entidades de la\nfederaci\u00f3n sean escuchadas, en el proceso de planeaci\u00f3n del <em>Sistema el\u00e9ctrico\nnacional<\/em>, pues eso permitir\u00e1 tener un M\u00e9xico m\u00e1s fuerte, dijo. <\/p>\n\n\n\n<p>En ese\nsentido, ante los gobernadores de los estados que se dieron cita al evento, declar\u00f3\nque, como cuarto punto, en su calidad de presidente de la Conago, en conjunto\ncon los sus hom\u00f3logos, se llevar\u00e1n a cabo foros para recabar las visiones de las\nentidades federativas, de manera que se aporten elementos t\u00e9cnicos para el\nan\u00e1lisis y la discusi\u00f3n legislativa.<\/p>\n\n\n\n<p>Por\n\u00faltimo, el gobernador hidalguense se comprometi\u00f3 a construir con los titulares\nde los Ejecutivos en las entidades federativas, los canales de comunicaci\u00f3n\nnecesarios con el Congreso de la Uni\u00f3n para llevar el mensaje del Legislativo a\ntodos los rincones de la naci\u00f3n, donde, dado el car\u00e1cter de constitucional de\nla reforma que se debate, deber\u00e1 ser votada en los congresos locales. <\/p>\n","protected":false},"excerpt":{"rendered":"<p>Ciudad de M\u00e9xico.- El gobernador Omar Fayad, en su car\u00e1cter de presidente de la Conferencia Nacional de Gobernadores (Conago), particip\u00f3 en la inauguraci\u00f3n de los \u201cForos de parlamento abierto para la reforma energ\u00e9tica\u201d, en compa\u00f1\u00eda diez gobernadores y los coordinadores de todas las fracciones parlamentarias, en donde se discute y analiza la iniciativa de modificaci\u00f3n<\/p>\n","protected":false},"author":2,"featured_media":45745,"comment_status":"open","ping_status":"closed","sticky":false,"template":"","format":"standard","meta":{"footnotes":""},"categories":[10],"tags":[],"class_list":{"0":"post-45744","1":"post","2":"type-post","3":"status-publish","4":"format-standard","5":"has-post-thumbnail","7":"category-hidalgo"},"_links":{"self":[{"href":"https:\/\/elreporterohgo.com\/noticias\/wp-json\/wp\/v2\/posts\/45744","targetHints":{"allow":["GET"]}}],"collection":[{"href":"https:\/\/elreporterohgo.com\/noticias\/wp-json\/wp\/v2\/posts"}],"about":[{"href":"https:\/\/elreporterohgo.com\/noticias\/wp-json\/wp\/v2\/types\/post"}],"author":[{"embeddable":true,"href":"https:\/\/elreporterohgo.com\/noticias\/wp-json\/wp\/v2\/users\/2"}],"replies":[{"embeddable":true,"href":"https:\/\/elreporterohgo.com\/noticias\/wp-json\/wp\/v2\/comments?post=45744"}],"version-history":[{"count":1,"href":"https:\/\/elreporterohgo.com\/noticias\/wp-json\/wp\/v2\/posts\/45744\/revisions"}],"predecessor-version":[{"id":45746,"href":"https:\/\/elreporterohgo.com\/noticias\/wp-json\/wp\/v2\/posts\/45744\/revisions\/45746"}],"wp:featuredmedia":[{"embeddable":true,"href":"https:\/\/elreporterohgo.com\/noticias\/wp-json\/wp\/v2\/media\/45745"}],"wp:attachment":[{"href":"https:\/\/elreporterohgo.com\/noticias\/wp-json\/wp\/v2\/media?parent=45744"}],"wp:term":[{"taxonomy":"category","embeddable":true,"href":"https:\/\/elreporterohgo.com\/noticias\/wp-json\/wp\/v2\/categories?post=45744"},{"taxonomy":"post_tag","embeddable":true,"href":"https:\/\/elreporterohgo.com\/noticias\/wp-json\/wp\/v2\/tags?post=45744"}],"curies":[{"name":"wp","href":"https:\/\/api.w.org\/{rel}","templated":true}]}}