{"id":45734,"date":"2022-01-18T12:04:30","date_gmt":"2022-01-18T18:04:30","guid":{"rendered":"https:\/\/elreporterohgo.com\/noticias\/?p=45734"},"modified":"2022-01-18T12:04:32","modified_gmt":"2022-01-18T18:04:32","slug":"vehiculos-quemados-por-toma-clandestina-en-gasoducto-de-pemex","status":"publish","type":"post","link":"https:\/\/elreporterohgo.com\/noticias\/2022\/01\/18\/vehiculos-quemados-por-toma-clandestina-en-gasoducto-de-pemex\/","title":{"rendered":"Veh\u00edculos quemados por toma clandestina en gasoducto de PEMEX"},"content":{"rendered":"\n<figure class=\"wp-block-image\"><img fetchpriority=\"high\" decoding=\"async\" width=\"495\" height=\"282\" src=\"https::\/\/elreporterohgo.com\/noticias\/wp-content\/uploads\/2022\/01\/rwec-1.jpg\" alt=\"\" class=\"wp-image-45735\" srcset=\"https:\/\/elreporterohgo.com\/noticias\/wp-content\/uploads\/2022\/01\/rwec-1.jpg 495w, https:\/\/elreporterohgo.com\/noticias\/wp-content\/uploads\/2022\/01\/rwec-1-300x171.jpg 300w\" sizes=\"(max-width: 495px) 100vw, 495px\" \/><\/figure>\n\n\n\n<p>Sin pistas de los responsables<\/p>\n\n\n\n<p>Por Juan Sabino Cruz<\/p>\n\n\n\n<p>NOPALA, Hgo.- Los huachicoleros perdieron sus medios de transporte\npara mover el hidrocarburo, la madrugada de hoy, ocurri\u00f3 un incendio en una\ntoma clandestina que alcanzo las camionetas.<\/p>\n\n\n\n<p>Seguidores de EL REPORTERO informaron que durante la madrugada,\nlos ladrones de combustible \u201corde\u00f1aban\u201d un gasoducto en la localidad de Loma Progreso,\nmunicipio de Nopala, lugar d\u00f3nde exploto la toma clandestina e inicio un\nincendio.<\/p>\n\n\n\n<p>Establecieron que al parecer los huachicoleros lograron\nponerse a salvo y \u00fanicamente se quemaron sus veh\u00edculos.<\/p>\n\n\n\n<p>INFORME OFICIAL<\/p>\n\n\n\n<p>La Direcci\u00f3n de Seguridad P\u00fablica, Tr\u00e1nsito y Protecci\u00f3n\nCivil Municipal informa localizaci\u00f3n de dos veh\u00edculos incendiados, Se trata de\nuna camioneta pickup y una tipo van.<\/p>\n\n\n\n<p>Al lugar arriba personal del Ej\u00e9rcito Mexicano y cuadrilla\nde Pemex para la atenci\u00f3n del incidente.<\/p>\n","protected":false},"excerpt":{"rendered":"<p>Sin pistas de los responsables Por Juan Sabino Cruz NOPALA, Hgo.- Los huachicoleros perdieron sus medios de transporte para mover el hidrocarburo, la madrugada de hoy, ocurri\u00f3 un incendio en una toma clandestina que alcanzo las camionetas. Seguidores de EL REPORTERO informaron que durante la madrugada, los ladrones de combustible \u201corde\u00f1aban\u201d un gasoducto en la<\/p>\n","protected":false},"author":2,"featured_media":45735,"comment_status":"open","ping_status":"closed","sticky":false,"template":"","format":"standard","meta":{"footnotes":""},"categories":[10],"tags":[],"class_list":{"0":"post-45734","1":"post","2":"type-post","3":"status-publish","4":"format-standard","5":"has-post-thumbnail","7":"category-hidalgo"},"_links":{"self":[{"href":"https:\/\/elreporterohgo.com\/noticias\/wp-json\/wp\/v2\/posts\/45734","targetHints":{"allow":["GET"]}}],"collection":[{"href":"https:\/\/elreporterohgo.com\/noticias\/wp-json\/wp\/v2\/posts"}],"about":[{"href":"https:\/\/elreporterohgo.com\/noticias\/wp-json\/wp\/v2\/types\/post"}],"author":[{"embeddable":true,"href":"https:\/\/elreporterohgo.com\/noticias\/wp-json\/wp\/v2\/users\/2"}],"replies":[{"embeddable":true,"href":"https:\/\/elreporterohgo.com\/noticias\/wp-json\/wp\/v2\/comments?post=45734"}],"version-history":[{"count":1,"href":"https:\/\/elreporterohgo.com\/noticias\/wp-json\/wp\/v2\/posts\/45734\/revisions"}],"predecessor-version":[{"id":45736,"href":"https:\/\/elreporterohgo.com\/noticias\/wp-json\/wp\/v2\/posts\/45734\/revisions\/45736"}],"wp:featuredmedia":[{"embeddable":true,"href":"https:\/\/elreporterohgo.com\/noticias\/wp-json\/wp\/v2\/media\/45735"}],"wp:attachment":[{"href":"https:\/\/elreporterohgo.com\/noticias\/wp-json\/wp\/v2\/media?parent=45734"}],"wp:term":[{"taxonomy":"category","embeddable":true,"href":"https:\/\/elreporterohgo.com\/noticias\/wp-json\/wp\/v2\/categories?post=45734"},{"taxonomy":"post_tag","embeddable":true,"href":"https:\/\/elreporterohgo.com\/noticias\/wp-json\/wp\/v2\/tags?post=45734"}],"curies":[{"name":"wp","href":"https:\/\/api.w.org\/{rel}","templated":true}]}}