{"id":45702,"date":"2022-01-16T16:30:33","date_gmt":"2022-01-16T22:30:33","guid":{"rendered":"https:\/\/elreporterohgo.com\/noticias\/?p=45702"},"modified":"2022-01-16T22:24:40","modified_gmt":"2022-01-17T04:24:40","slug":"policia-estatal-herido-durante-balacera-en-central-de-abastos","status":"publish","type":"post","link":"https:\/\/elreporterohgo.com\/noticias\/2022\/01\/16\/policia-estatal-herido-durante-balacera-en-central-de-abastos\/","title":{"rendered":"Polic\u00eda Estatal herido durante balacera en Central de Abastos"},"content":{"rendered":"\n<figure class=\"wp-block-image\"><img fetchpriority=\"high\" decoding=\"async\" width=\"1024\" height=\"510\" src=\"https::\/\/elreporterohgo.com\/noticias\/wp-content\/uploads\/2022\/01\/aa00-2-1024x510.jpg\" alt=\"\" class=\"wp-image-45703\" srcset=\"https:\/\/elreporterohgo.com\/noticias\/wp-content\/uploads\/2022\/01\/aa00-2-1024x510.jpg 1024w, https:\/\/elreporterohgo.com\/noticias\/wp-content\/uploads\/2022\/01\/aa00-2-300x149.jpg 300w, https:\/\/elreporterohgo.com\/noticias\/wp-content\/uploads\/2022\/01\/aa00-2-768x383.jpg 768w, https:\/\/elreporterohgo.com\/noticias\/wp-content\/uploads\/2022\/01\/aa00-2.jpg 1473w\" sizes=\"(max-width: 1024px) 100vw, 1024px\" \/><\/figure>\n\n\n\n<p>El agresor fue eliminado<\/p>\n\n\n\n<p>Por Juan Sabino Cruz<\/p>\n\n\n\n<p>TULANCINGO, Hgo.- Un agente de la Polic\u00eda Estatal resulto\nherido durante una balacera ocurrida hace unos minutos en la central de abastos\nde la ciudad de Tulancingo.<\/p>\n\n\n\n<p>Seguidores de EL REPORTERO informaron que, por causas\ndesconocidas, hace aproximadamente 30 minutos se registr\u00f3 una balacera en la\ncentral de abastos.<\/p>\n\n\n\n<p>Lugare\u00f1os y gente que pasaba por el lugar se quedaron\nmirando al interior del centro de abasto, sin saber el origen de la violencia.<\/p>\n\n\n\n<p>Fuentes dignas de cr\u00e9dito, informaron que en forma preliminar\nse puede afirmar que hay un agente de la Polic\u00eda estatal herido y fue\ntrasladado a un nosocomio,<\/p>\n\n\n\n<p>Se espera el comunicado oficial de las autoridades estatales para conocer el origen del problema y el saldo final.<\/p>\n\n\n\n<p>MUERTO EL AGRESOR<\/p>\n\n\n\n<p>Respecto a los hechos registrados en el municipio de Tulancingo, la Secretar\u00eda de Seguridad P\u00fablica de Hidalgo informa:<\/p>\n\n\n\n<p>La tarde de este domingo, el C5i de Hidalgo, a trav\u00e9s del 911 de Emergencias, recibi\u00f3 notificaci\u00f3n sobre una agresi\u00f3n con arma de fuego en contra de un individuo en inmediaciones de la central de abasto del municipio.<\/p>\n\n\n\n<p>Al arribar personal de instituciones, fue localizada una persona de g\u00e9nero masculino lesionada por arma de fuego a bordo de un veh\u00edculo, que fue trasladada en ambulancia a una cl\u00ednica para su atenci\u00f3n.<\/p>\n\n\n\n<p>Agentes de la Polic\u00eda Estatal implementaron operativo, en coordinaci\u00f3n con autoridades federales y municipales, y detectaron al presunto atacante, quien fue perseguido y, para evitar ser intervenido, realiz\u00f3 detonaciones con un arma de fuego corta.<\/p>\n\n\n\n<p>Durante el dispositivo fue repelida la agresi\u00f3n y el hombre fue abatido, mientras que un oficial estatal result\u00f3 lesionado por dos impactos de proyectiles.<\/p>\n\n\n\n<p>El agente fue trasladado a un hospital de la zona, donde recibe cuidados m\u00e9dicos.<\/p>\n\n\n\n<p>El sitio qued\u00f3 resguardado en espera de personal de la Procuradur\u00eda General de Justicia de Hidalgo para llevar a cabo las diligencias correspondientes.<\/p>\n\n\n\n<p><\/p>\n\n\n\n<p><\/p>\n","protected":false},"excerpt":{"rendered":"<p>El agresor fue eliminado Por Juan Sabino Cruz TULANCINGO, Hgo.- Un agente de la Polic\u00eda Estatal resulto herido durante una balacera ocurrida hace unos minutos en la central de abastos de la ciudad de Tulancingo. Seguidores de EL REPORTERO informaron que, por causas desconocidas, hace aproximadamente 30 minutos se registr\u00f3 una balacera en la central<\/p>\n","protected":false},"author":2,"featured_media":45703,"comment_status":"open","ping_status":"closed","sticky":false,"template":"","format":"standard","meta":{"footnotes":""},"categories":[10],"tags":[],"class_list":{"0":"post-45702","1":"post","2":"type-post","3":"status-publish","4":"format-standard","5":"has-post-thumbnail","7":"category-hidalgo"},"_links":{"self":[{"href":"https:\/\/elreporterohgo.com\/noticias\/wp-json\/wp\/v2\/posts\/45702","targetHints":{"allow":["GET"]}}],"collection":[{"href":"https:\/\/elreporterohgo.com\/noticias\/wp-json\/wp\/v2\/posts"}],"about":[{"href":"https:\/\/elreporterohgo.com\/noticias\/wp-json\/wp\/v2\/types\/post"}],"author":[{"embeddable":true,"href":"https:\/\/elreporterohgo.com\/noticias\/wp-json\/wp\/v2\/users\/2"}],"replies":[{"embeddable":true,"href":"https:\/\/elreporterohgo.com\/noticias\/wp-json\/wp\/v2\/comments?post=45702"}],"version-history":[{"count":3,"href":"https:\/\/elreporterohgo.com\/noticias\/wp-json\/wp\/v2\/posts\/45702\/revisions"}],"predecessor-version":[{"id":45707,"href":"https:\/\/elreporterohgo.com\/noticias\/wp-json\/wp\/v2\/posts\/45702\/revisions\/45707"}],"wp:featuredmedia":[{"embeddable":true,"href":"https:\/\/elreporterohgo.com\/noticias\/wp-json\/wp\/v2\/media\/45703"}],"wp:attachment":[{"href":"https:\/\/elreporterohgo.com\/noticias\/wp-json\/wp\/v2\/media?parent=45702"}],"wp:term":[{"taxonomy":"category","embeddable":true,"href":"https:\/\/elreporterohgo.com\/noticias\/wp-json\/wp\/v2\/categories?post=45702"},{"taxonomy":"post_tag","embeddable":true,"href":"https:\/\/elreporterohgo.com\/noticias\/wp-json\/wp\/v2\/tags?post=45702"}],"curies":[{"name":"wp","href":"https:\/\/api.w.org\/{rel}","templated":true}]}}