{"id":45687,"date":"2022-01-15T14:30:53","date_gmt":"2022-01-15T20:30:53","guid":{"rendered":"https:\/\/elreporterohgo.com\/noticias\/?p=45687"},"modified":"2022-01-15T14:30:54","modified_gmt":"2022-01-15T20:30:54","slug":"detienen-en-tula-a-sujetos-armados","status":"publish","type":"post","link":"https:\/\/elreporterohgo.com\/noticias\/2022\/01\/15\/detienen-en-tula-a-sujetos-armados\/","title":{"rendered":"Detienen en Tula a sujetos armados"},"content":{"rendered":"\n<p>Tres individuos en\nposesi\u00f3n de varias armas de fuego de distintos\ncalibres e identificaciones policiales de exclusivo uso oficial, fueron asegurados en operativo de la Secretar\u00eda de\nSeguridad P\u00fablica de Hidalgo en el municipio de Tula.<\/p>\n\n\n\n<p>La intervenci\u00f3n de la Polic\u00eda Estatal se registr\u00f3 en la avenida Insurgentes de la colonia El Llano Segunda Secci\u00f3n, donde fueron detenidos quienes se identificaron con los nombres con iniciales R.Z.J., de 61 a\u00f1os, C.A.V.M., de 19, y J.C.C.B., de 35, el primero originario de la Ciudad de M\u00e9xico y los dos \u00faltimos de Tula.<\/p>\n\n\n\n<p><\/p>\n\n\n\n<figure class=\"wp-block-image\"><img fetchpriority=\"high\" decoding=\"async\" width=\"1024\" height=\"819\" src=\"https::\/\/elreporterohgo.com\/noticias\/wp-content\/uploads\/2022\/01\/150122-SSPH-TULA-2-1024x819.jpeg\" alt=\"\" class=\"wp-image-45688\" srcset=\"https:\/\/elreporterohgo.com\/noticias\/wp-content\/uploads\/2022\/01\/150122-SSPH-TULA-2-1024x819.jpeg 1024w, https:\/\/elreporterohgo.com\/noticias\/wp-content\/uploads\/2022\/01\/150122-SSPH-TULA-2-300x240.jpeg 300w, https:\/\/elreporterohgo.com\/noticias\/wp-content\/uploads\/2022\/01\/150122-SSPH-TULA-2-768x614.jpeg 768w, https:\/\/elreporterohgo.com\/noticias\/wp-content\/uploads\/2022\/01\/150122-SSPH-TULA-2.jpeg 1280w\" sizes=\"(max-width: 1024px) 100vw, 1024px\" \/><\/figure>\n\n\n\n<p>A las personas, que se\ndesplazaban a bordo de una camioneta Hyundai, color negro, sin placas, se les incautaron tres armas cortas de\ndiferentes calibres, un cubreboca con insignias de la Fiscal\u00eda General de la\nRep\u00fablica y dos placas de la Guardia Nacional.<\/p>\n\n\n\n<p>Los individuos quedaron a disposici\u00f3n de la Fiscal\u00eda General de la Rep\u00fablica, mediante su representaci\u00f3n en Hidalgo, para las investigaciones por su posible relaci\u00f3n en actividades delictivas y hechos de violencia registrados en la regi\u00f3n.<\/p>\n\n\n\n<figure class=\"wp-block-image\"><img decoding=\"async\" width=\"1024\" height=\"980\" src=\"https::\/\/elreporterohgo.com\/noticias\/wp-content\/uploads\/2022\/01\/150122-SSPH-TULA-1-1024x980.jpg\" alt=\"\" class=\"wp-image-45689\" srcset=\"https:\/\/elreporterohgo.com\/noticias\/wp-content\/uploads\/2022\/01\/150122-SSPH-TULA-1-1024x980.jpg 1024w, https:\/\/elreporterohgo.com\/noticias\/wp-content\/uploads\/2022\/01\/150122-SSPH-TULA-1-300x287.jpg 300w, https:\/\/elreporterohgo.com\/noticias\/wp-content\/uploads\/2022\/01\/150122-SSPH-TULA-1-768x735.jpg 768w\" sizes=\"(max-width: 1024px) 100vw, 1024px\" \/><\/figure>\n","protected":false},"excerpt":{"rendered":"<p>Tres individuos en posesi\u00f3n de varias armas de fuego de distintos calibres e identificaciones policiales de exclusivo uso oficial, fueron asegurados en operativo de la Secretar\u00eda de Seguridad P\u00fablica de Hidalgo en el municipio de Tula. La intervenci\u00f3n de la Polic\u00eda Estatal se registr\u00f3 en la avenida Insurgentes de la colonia El Llano Segunda Secci\u00f3n,<\/p>\n","protected":false},"author":2,"featured_media":45688,"comment_status":"open","ping_status":"closed","sticky":false,"template":"","format":"standard","meta":{"footnotes":""},"categories":[10],"tags":[],"class_list":{"0":"post-45687","1":"post","2":"type-post","3":"status-publish","4":"format-standard","5":"has-post-thumbnail","7":"category-hidalgo"},"_links":{"self":[{"href":"https:\/\/elreporterohgo.com\/noticias\/wp-json\/wp\/v2\/posts\/45687","targetHints":{"allow":["GET"]}}],"collection":[{"href":"https:\/\/elreporterohgo.com\/noticias\/wp-json\/wp\/v2\/posts"}],"about":[{"href":"https:\/\/elreporterohgo.com\/noticias\/wp-json\/wp\/v2\/types\/post"}],"author":[{"embeddable":true,"href":"https:\/\/elreporterohgo.com\/noticias\/wp-json\/wp\/v2\/users\/2"}],"replies":[{"embeddable":true,"href":"https:\/\/elreporterohgo.com\/noticias\/wp-json\/wp\/v2\/comments?post=45687"}],"version-history":[{"count":1,"href":"https:\/\/elreporterohgo.com\/noticias\/wp-json\/wp\/v2\/posts\/45687\/revisions"}],"predecessor-version":[{"id":45690,"href":"https:\/\/elreporterohgo.com\/noticias\/wp-json\/wp\/v2\/posts\/45687\/revisions\/45690"}],"wp:featuredmedia":[{"embeddable":true,"href":"https:\/\/elreporterohgo.com\/noticias\/wp-json\/wp\/v2\/media\/45688"}],"wp:attachment":[{"href":"https:\/\/elreporterohgo.com\/noticias\/wp-json\/wp\/v2\/media?parent=45687"}],"wp:term":[{"taxonomy":"category","embeddable":true,"href":"https:\/\/elreporterohgo.com\/noticias\/wp-json\/wp\/v2\/categories?post=45687"},{"taxonomy":"post_tag","embeddable":true,"href":"https:\/\/elreporterohgo.com\/noticias\/wp-json\/wp\/v2\/tags?post=45687"}],"curies":[{"name":"wp","href":"https:\/\/api.w.org\/{rel}","templated":true}]}}