{"id":45677,"date":"2022-01-15T00:09:31","date_gmt":"2022-01-15T06:09:31","guid":{"rendered":"https:\/\/elreporterohgo.com\/noticias\/?p=45677"},"modified":"2022-01-15T00:09:33","modified_gmt":"2022-01-15T06:09:33","slug":"refuerzan-medidas-sanitarias-que-eviten-la-propagacion-del-covid-19","status":"publish","type":"post","link":"https:\/\/elreporterohgo.com\/noticias\/2022\/01\/15\/refuerzan-medidas-sanitarias-que-eviten-la-propagacion-del-covid-19\/","title":{"rendered":"Refuerzan medidas sanitarias que eviten la propagaci\u00f3n del COVID-19"},"content":{"rendered":"\n<figure class=\"wp-block-image\"><img fetchpriority=\"high\" decoding=\"async\" width=\"1024\" height=\"729\" src=\"https::\/\/elreporterohgo.com\/noticias\/wp-content\/uploads\/2022\/01\/omi-2-1024x729.jpg\" alt=\"\" class=\"wp-image-45678\" srcset=\"https:\/\/elreporterohgo.com\/noticias\/wp-content\/uploads\/2022\/01\/omi-2-1024x729.jpg 1024w, https:\/\/elreporterohgo.com\/noticias\/wp-content\/uploads\/2022\/01\/omi-2-300x213.jpg 300w, https:\/\/elreporterohgo.com\/noticias\/wp-content\/uploads\/2022\/01\/omi-2-768x546.jpg 768w, https:\/\/elreporterohgo.com\/noticias\/wp-content\/uploads\/2022\/01\/omi-2.jpg 1220w\" sizes=\"(max-width: 1024px) 100vw, 1024px\" \/><\/figure>\n\n\n\n<p>Acciones en el Congreso de Hidalgo<\/p>\n\n\n\n<p>PACHUCA, Hgo.- Con la finalidad de salvaguardar la salud de la comunidad que labora en las oficinas del Poder Legislativo, as\u00ed como la de la ciudadan\u00eda que se acerca a las oficinas, el presidente de la Junta de Gobierno, diputado Jorge Hern\u00e1ndez Araus, instruy\u00f3 el refuerzo de las medidas sanitarias que eviten la propagaci\u00f3n del COVID-19.<\/p>\n\n\n\n<p>En ese sentido y a partir de la conclusi\u00f3n del periodo vacacional del personal de confianza, se iniciaron faenas de limpieza y sanitizaci\u00f3n en los diferentes espacios del Congreso del Estado de Hidalgo y se revisaron y ampliaron los protocolos para la realizaci\u00f3n de actividades del personal.&nbsp;<\/p>\n\n\n\n<p>Una de las medidas que Hern\u00e1ndez Araus consider\u00f3 primordial es la de implementaci\u00f3n de sana distancia, por lo que, adem\u00e1s, llam\u00f3 a los directores de las distintas \u00e1reas a dise\u00f1ar estrategias que permitan el desarrollo de labores a distancia y eviten las aglomeraciones.&nbsp;<\/p>\n\n\n\n<p>Asimismo, cabe puntualizar que la LXV Legislatura cuenta con un consultorio m\u00e9dico y personal capacitado, que vigila que quienes se desempe\u00f1an no presenten s\u00edntomas alarmantes.&nbsp;<\/p>\n\n\n\n<p>\u201cDe regreso a labores hemos contabilizado 10 casos positivos, que, es importante puntualizar, no se dieron dentro del Congreso, sino que se presentaron en el periodo vacacional y que afortunadamente, no se reportan graves\u201d, explic\u00f3 el tambi\u00e9n representante del distrito 10.<\/p>\n\n\n\n<p>En cuanto al progreso de las sesiones de la Comisi\u00f3n Permanente, Jorge Hern\u00e1ndez Araus asegur\u00f3 que continuar\u00e1 en comunicaci\u00f3n con los legisladores para establecer las din\u00e1micas pertinentes:<\/p>\n\n\n\n<p>\u201cDefiniremos si las sesiones se realizar\u00e1n de manera virtual o presencial trabajando en equipo y velando por el bien com\u00fan, esa esa es la premisa\u201d, finaliz\u00f3.<br><\/p>\n","protected":false},"excerpt":{"rendered":"<p>Acciones en el Congreso de Hidalgo PACHUCA, Hgo.- Con la finalidad de salvaguardar la salud de la comunidad que labora en las oficinas del Poder Legislativo, as\u00ed como la de la ciudadan\u00eda que se acerca a las oficinas, el presidente de la Junta de Gobierno, diputado Jorge Hern\u00e1ndez Araus, instruy\u00f3 el refuerzo de las medidas<\/p>\n","protected":false},"author":2,"featured_media":45678,"comment_status":"open","ping_status":"closed","sticky":false,"template":"","format":"standard","meta":{"footnotes":""},"categories":[10],"tags":[],"class_list":{"0":"post-45677","1":"post","2":"type-post","3":"status-publish","4":"format-standard","5":"has-post-thumbnail","7":"category-hidalgo"},"_links":{"self":[{"href":"https:\/\/elreporterohgo.com\/noticias\/wp-json\/wp\/v2\/posts\/45677","targetHints":{"allow":["GET"]}}],"collection":[{"href":"https:\/\/elreporterohgo.com\/noticias\/wp-json\/wp\/v2\/posts"}],"about":[{"href":"https:\/\/elreporterohgo.com\/noticias\/wp-json\/wp\/v2\/types\/post"}],"author":[{"embeddable":true,"href":"https:\/\/elreporterohgo.com\/noticias\/wp-json\/wp\/v2\/users\/2"}],"replies":[{"embeddable":true,"href":"https:\/\/elreporterohgo.com\/noticias\/wp-json\/wp\/v2\/comments?post=45677"}],"version-history":[{"count":1,"href":"https:\/\/elreporterohgo.com\/noticias\/wp-json\/wp\/v2\/posts\/45677\/revisions"}],"predecessor-version":[{"id":45679,"href":"https:\/\/elreporterohgo.com\/noticias\/wp-json\/wp\/v2\/posts\/45677\/revisions\/45679"}],"wp:featuredmedia":[{"embeddable":true,"href":"https:\/\/elreporterohgo.com\/noticias\/wp-json\/wp\/v2\/media\/45678"}],"wp:attachment":[{"href":"https:\/\/elreporterohgo.com\/noticias\/wp-json\/wp\/v2\/media?parent=45677"}],"wp:term":[{"taxonomy":"category","embeddable":true,"href":"https:\/\/elreporterohgo.com\/noticias\/wp-json\/wp\/v2\/categories?post=45677"},{"taxonomy":"post_tag","embeddable":true,"href":"https:\/\/elreporterohgo.com\/noticias\/wp-json\/wp\/v2\/tags?post=45677"}],"curies":[{"name":"wp","href":"https:\/\/api.w.org\/{rel}","templated":true}]}}