{"id":45651,"date":"2022-01-14T00:28:12","date_gmt":"2022-01-14T06:28:12","guid":{"rendered":"https:\/\/elreporterohgo.com\/noticias\/?p=45651"},"modified":"2022-01-14T00:28:12","modified_gmt":"2022-01-14T06:28:12","slug":"carolina-viggiano-rindio-homenaje-a-los-proceres-hidalguense","status":"publish","type":"post","link":"https:\/\/elreporterohgo.com\/noticias\/2022\/01\/14\/carolina-viggiano-rindio-homenaje-a-los-proceres-hidalguense\/","title":{"rendered":"Carolina Viggiano rindi\u00f3 homenaje a los pr\u00f3ceres hidalguense"},"content":{"rendered":"\n<figure class=\"wp-block-image\"><img fetchpriority=\"high\" decoding=\"async\" width=\"762\" height=\"431\" src=\"https::\/\/elreporterohgo.com\/noticias\/wp-content\/uploads\/2022\/01\/f864ab98-fc83-4373-af5b-52c8f322b5d9.jpg\" alt=\"\" class=\"wp-image-45652\" srcset=\"https:\/\/elreporterohgo.com\/noticias\/wp-content\/uploads\/2022\/01\/f864ab98-fc83-4373-af5b-52c8f322b5d9.jpg 762w, https:\/\/elreporterohgo.com\/noticias\/wp-content\/uploads\/2022\/01\/f864ab98-fc83-4373-af5b-52c8f322b5d9-300x170.jpg 300w\" sizes=\"(max-width: 762px) 100vw, 762px\" \/><\/figure>\n\n\n\n<p>Aun cuando Juan Crisostomo Doria era tamaulipeco<\/p>\n\n\n\n<p>Pachuca, Hgo.- La precandidata\nde la Alianza Va por Hidalgo, Carolina Viggiano Austria, rindi\u00f3 un sentido\nhomenaje a los pr\u00f3ceres hidalguenses que han sido su ejemplo e inspiraci\u00f3n y\nque han marcado su pensamiento a lo largo de su carrera pol\u00edtica.<\/p>\n\n\n\n<p>En la Rotonda de\nlos Hidalguenses Ilustres Viggiano Austria inici\u00f3 su precampa\u00f1a pol\u00edtica por la\ngubernatura del estado con un amplio reconocimiento a la lucha y trayectoria de\nhombres y mujeres como Felipe \u00c1ngeles, Juan C. Doria, Manuel Fernando Soto,\nTeodomiro Manzano, Margarita Michelena, Mar\u00eda Hazas, Mar\u00eda Luisa Ross Landa o\nElisa Acu\u00f1a Rosetti.<\/p>\n\n\n\n<p>Tambi\u00e9n honr\u00f3 la\nmemoria de personalidades como Nicol\u00e1s Flores, Ram\u00f3n G. Bonfil, Juli\u00e1n\nVillagr\u00e1n, Francisco P. Mariel o Mar\u00eda Vargas de Ita, cuyo ejemplo, dijo, nos\nllama a darle a Hidalgo el lugar que le corresponde. <\/p>\n\n\n\n<p>\u201cCuando me\npreguntan qu\u00e9 es Hidalgo, vienen a mi mente las mujeres y los hombres que\ndieron forma al suelo donde nacimos; son hidalguenses que aportaron su vida, su\ningenio, su pasi\u00f3n y su amor para sembrar en las siguientes generaciones el\namor por esta, nuestra Patria\u201d, asegur\u00f3 la pol\u00edtica nacida en Tepehuac\u00e1n de\nGuerrero en la sierra hidalguense.<\/p>\n\n\n\n<p>En un mensaje\ndifundido en sus redes sociales, Carolina Viggiano se dijo convencida y guiada\npor la trayectoria de Felipe \u00c1ngeles, un revolucionario y estratega, s\u00edmbolo de\nvalor y lealtad; de Juan C. Doria, el primer gobernador del estado; del\nart\u00edfice de la creaci\u00f3n de Hidalgo, Fernando Soto; Teodomiro Manzano,\nextraordinario maestro e historiador.<\/p>\n\n\n\n<p>Pero tambi\u00e9n de\nla poeta y periodista Margarita Michelena; Mar\u00eda Hazas, profesora\nrevolucionaria, misionera con Jos\u00e9 Vasconcelos; Mar\u00eda Luisa Ross Landa, maestra\ny pionera de la radio en M\u00e9xico y de Elisa Acu\u00f1a Rosetti, ide\u00f3loga de la\nrevoluci\u00f3n, que luch\u00f3 junto a Madero, el ap\u00f3stol de la democracia. Y destac\u00f3\nlos valores aportados por Nicol\u00e1s Flores, Ram\u00f3n G. Bonfil, Juli\u00e1n Villagr\u00e1n,\nFrancisco P. Mariel o Mar\u00eda Vargas de Ita. <\/p>\n\n\n\n<p>\u201cEllos son\nejemplo de los valores m\u00e1s significativos de Hidalgo, son cultura, tradici\u00f3n e\nhistoria, representantes de un pasado que da forma a nuestro presente y nos\nalienta a construir un gran futuro, de gente buena y trabajadora que merece\nmejores oportunidades de desarrollo\u201d, concluy\u00f3 en su mensaje.<\/p>\n","protected":false},"excerpt":{"rendered":"<p>Aun cuando Juan Crisostomo Doria era tamaulipeco Pachuca, Hgo.- La precandidata de la Alianza Va por Hidalgo, Carolina Viggiano Austria, rindi\u00f3 un sentido homenaje a los pr\u00f3ceres hidalguenses que han sido su ejemplo e inspiraci\u00f3n y que han marcado su pensamiento a lo largo de su carrera pol\u00edtica. En la Rotonda de los Hidalguenses Ilustres<\/p>\n","protected":false},"author":2,"featured_media":45652,"comment_status":"open","ping_status":"closed","sticky":false,"template":"","format":"standard","meta":{"footnotes":""},"categories":[10],"tags":[],"class_list":{"0":"post-45651","1":"post","2":"type-post","3":"status-publish","4":"format-standard","5":"has-post-thumbnail","7":"category-hidalgo"},"_links":{"self":[{"href":"https:\/\/elreporterohgo.com\/noticias\/wp-json\/wp\/v2\/posts\/45651","targetHints":{"allow":["GET"]}}],"collection":[{"href":"https:\/\/elreporterohgo.com\/noticias\/wp-json\/wp\/v2\/posts"}],"about":[{"href":"https:\/\/elreporterohgo.com\/noticias\/wp-json\/wp\/v2\/types\/post"}],"author":[{"embeddable":true,"href":"https:\/\/elreporterohgo.com\/noticias\/wp-json\/wp\/v2\/users\/2"}],"replies":[{"embeddable":true,"href":"https:\/\/elreporterohgo.com\/noticias\/wp-json\/wp\/v2\/comments?post=45651"}],"version-history":[{"count":1,"href":"https:\/\/elreporterohgo.com\/noticias\/wp-json\/wp\/v2\/posts\/45651\/revisions"}],"predecessor-version":[{"id":45653,"href":"https:\/\/elreporterohgo.com\/noticias\/wp-json\/wp\/v2\/posts\/45651\/revisions\/45653"}],"wp:featuredmedia":[{"embeddable":true,"href":"https:\/\/elreporterohgo.com\/noticias\/wp-json\/wp\/v2\/media\/45652"}],"wp:attachment":[{"href":"https:\/\/elreporterohgo.com\/noticias\/wp-json\/wp\/v2\/media?parent=45651"}],"wp:term":[{"taxonomy":"category","embeddable":true,"href":"https:\/\/elreporterohgo.com\/noticias\/wp-json\/wp\/v2\/categories?post=45651"},{"taxonomy":"post_tag","embeddable":true,"href":"https:\/\/elreporterohgo.com\/noticias\/wp-json\/wp\/v2\/tags?post=45651"}],"curies":[{"name":"wp","href":"https:\/\/api.w.org\/{rel}","templated":true}]}}