{"id":45638,"date":"2022-01-13T19:18:17","date_gmt":"2022-01-14T01:18:17","guid":{"rendered":"https:\/\/elreporterohgo.com\/noticias\/?p=45638"},"modified":"2022-01-13T19:18:19","modified_gmt":"2022-01-14T01:18:19","slug":"empleadores-deben-reconocer-permiso-covid-como-incapacidad-laboral","status":"publish","type":"post","link":"https:\/\/elreporterohgo.com\/noticias\/2022\/01\/13\/empleadores-deben-reconocer-permiso-covid-como-incapacidad-laboral\/","title":{"rendered":"Empleadores deben reconocer Permiso COVID como incapacidad laboral"},"content":{"rendered":"\n<div class=\"wp-block-image\"><figure class=\"alignleft is-resized\"><img fetchpriority=\"high\" decoding=\"async\" src=\"https::\/\/elreporterohgo.com\/noticias\/wp-content\/uploads\/2022\/01\/FOTO.jpeg\" alt=\"\" class=\"wp-image-45639\" width=\"311\" height=\"166\" srcset=\"https:\/\/elreporterohgo.com\/noticias\/wp-content\/uploads\/2022\/01\/FOTO.jpeg 465w, https:\/\/elreporterohgo.com\/noticias\/wp-content\/uploads\/2022\/01\/FOTO-300x160.jpeg 300w\" sizes=\"(max-width: 311px) 100vw, 311px\" \/><\/figure><\/div>\n\n\n\n<p>La\nSecretar\u00eda del Trabajo y Previsi\u00f3n Social (STPS) y el Instituto Mexicano del\nSeguro Social (IMSS) hicieron un llamado a los empleadores a reconocer el\nPermiso COVID para que los trabajadores contagiados accedan a una incapacidad\nlaboral.<\/p>\n\n\n\n<p>La secretaria\ndel Trabajo Luisa Alcalde Luj\u00e1n, expres\u00f3 que ante la preocupaci\u00f3n generada por\nla negativa de algunos empleadores para aceptar el permiso COVID que emite el\nIMSS, mediante el cual se facilita la incapacidad en caso de presentar contagio,\niniciamos una estrategia conjunta para que esto no suceda.<\/p>\n\n\n\n<p>Sabemos\nque han sido tiempos muy dif\u00edciles, los empleadores han sido muy solidarios y\nesperamos que en esta ocasi\u00f3n no sea la acepci\u00f3n, por lo que hacemos un llamado\nconjunto a la empat\u00eda con las y los trabajadores, refiri\u00f3 la responsable de la\npol\u00edtica laboral. <\/p>\n\n\n\n<p>Por su\nparte, el director general del Seguro Social, Zo\u00e9 Robledo, agradeci\u00f3 el trabajo\nconjunto con la Secretar\u00eda del Trabajo para identificar estos casos donde se\nexige una prueba como evidencia para otorgar la incapacidad, o que el Permiso\nCOVID no es suficiente. <\/p>\n\n\n\n<p>\u201cNo es un tema de opini\u00f3n, es un tema legal, hacemos un llamado para que todos los empleadores de M\u00e9xico lo asuman\u201d, subray\u00f3 Zo\u00e9 Robledo.<\/p>\n\n\n\n<figure class=\"wp-block-image\"><img decoding=\"async\" width=\"680\" height=\"575\" src=\"https::\/\/elreporterohgo.com\/noticias\/wp-content\/uploads\/2022\/01\/WhatsApp-Image-2022-01-12-at-6.28.32-PM.jpeg\" alt=\"\" class=\"wp-image-45623\" srcset=\"https:\/\/elreporterohgo.com\/noticias\/wp-content\/uploads\/2022\/01\/WhatsApp-Image-2022-01-12-at-6.28.32-PM.jpeg 680w, https:\/\/elreporterohgo.com\/noticias\/wp-content\/uploads\/2022\/01\/WhatsApp-Image-2022-01-12-at-6.28.32-PM-300x254.jpeg 300w\" sizes=\"(max-width: 680px) 100vw, 680px\" \/><\/figure>\n\n\n\n<p>Indic\u00f3\nque desde el lunes 10 de enero se puede realizar el tr\u00e1mite de Permiso COVID en\nl\u00ednea, donde a partir de hacer un cuestionario y sin necesidad de una prueba\nr\u00e1pida se genera el Permiso como evidencia para el empleador de que tiene que\ncubrirse la incapacidad.<\/p>\n\n\n\n<p>Refiri\u00f3\nque el 66.9 por ciento de las personas que han acudido en diciembre y enero en\nbusca de pruebas r\u00e1pidas son trabajadores, pero ya no lo tienen que hacer.<\/p>\n\n\n\n<p>\u201cLa OMS\nha sido muy clara en que debemos tener un uso racional de pruebas para los\ngrupos vulnerables, mayores de edad, comorbilidades, o para aquellos que\nincluso van a ingresar a una hospitalizaci\u00f3n por otros motivos y que requieren\nde la prueba, hay que hacer conciencia\u201d, se\u00f1al\u00f3.<\/p>\n\n\n\n<p>El\ndirector general del IMSS indic\u00f3 que el Permiso COVID se implement\u00f3 en marzo de\n2020 con el prop\u00f3sito de romper cadenas de contagio y evitar que la gente\ntuviera que acudir de manera presencial a consultas y luego a los bancos a\ncobrar su incapacidad.<\/p>\n\n\n\n<p>Si se requiere\nmayor orientaci\u00f3n o presentar alguna queja, se encuentra disponible la l\u00ednea\ntelef\u00f3nica 800 717 29 42 o el sitio <a href=\"about:blank\">https::\/\/procuraduriadigital.stps.gob.mx\/<\/a><\/p>\n","protected":false},"excerpt":{"rendered":"<p>La Secretar\u00eda del Trabajo y Previsi\u00f3n Social (STPS) y el Instituto Mexicano del Seguro Social (IMSS) hicieron un llamado a los empleadores a reconocer el Permiso COVID para que los trabajadores contagiados accedan a una incapacidad laboral. La secretaria del Trabajo Luisa Alcalde Luj\u00e1n, expres\u00f3 que ante la preocupaci\u00f3n generada por la negativa de algunos<\/p>\n","protected":false},"author":2,"featured_media":45623,"comment_status":"open","ping_status":"closed","sticky":false,"template":"","format":"standard","meta":{"footnotes":""},"categories":[10],"tags":[],"class_list":{"0":"post-45638","1":"post","2":"type-post","3":"status-publish","4":"format-standard","5":"has-post-thumbnail","7":"category-hidalgo"},"_links":{"self":[{"href":"https:\/\/elreporterohgo.com\/noticias\/wp-json\/wp\/v2\/posts\/45638","targetHints":{"allow":["GET"]}}],"collection":[{"href":"https:\/\/elreporterohgo.com\/noticias\/wp-json\/wp\/v2\/posts"}],"about":[{"href":"https:\/\/elreporterohgo.com\/noticias\/wp-json\/wp\/v2\/types\/post"}],"author":[{"embeddable":true,"href":"https:\/\/elreporterohgo.com\/noticias\/wp-json\/wp\/v2\/users\/2"}],"replies":[{"embeddable":true,"href":"https:\/\/elreporterohgo.com\/noticias\/wp-json\/wp\/v2\/comments?post=45638"}],"version-history":[{"count":1,"href":"https:\/\/elreporterohgo.com\/noticias\/wp-json\/wp\/v2\/posts\/45638\/revisions"}],"predecessor-version":[{"id":45640,"href":"https:\/\/elreporterohgo.com\/noticias\/wp-json\/wp\/v2\/posts\/45638\/revisions\/45640"}],"wp:featuredmedia":[{"embeddable":true,"href":"https:\/\/elreporterohgo.com\/noticias\/wp-json\/wp\/v2\/media\/45623"}],"wp:attachment":[{"href":"https:\/\/elreporterohgo.com\/noticias\/wp-json\/wp\/v2\/media?parent=45638"}],"wp:term":[{"taxonomy":"category","embeddable":true,"href":"https:\/\/elreporterohgo.com\/noticias\/wp-json\/wp\/v2\/categories?post=45638"},{"taxonomy":"post_tag","embeddable":true,"href":"https:\/\/elreporterohgo.com\/noticias\/wp-json\/wp\/v2\/tags?post=45638"}],"curies":[{"name":"wp","href":"https:\/\/api.w.org\/{rel}","templated":true}]}}