{"id":45628,"date":"2022-01-13T18:46:59","date_gmt":"2022-01-14T00:46:59","guid":{"rendered":"https:\/\/elreporterohgo.com\/noticias\/?p=45628"},"modified":"2022-01-13T18:47:00","modified_gmt":"2022-01-14T00:47:00","slug":"tras-las-rejas-por-robar-una-casa","status":"publish","type":"post","link":"https:\/\/elreporterohgo.com\/noticias\/2022\/01\/13\/tras-las-rejas-por-robar-una-casa\/","title":{"rendered":"Tras las rejas por robar una casa"},"content":{"rendered":"\n<p>TULA, Hgo.- Tras el presunto allanamiento y robo a un domicilio en el municipio de Tula, dos personas fueron detenidas durante operativo de la Secretar\u00eda de Seguridad P\u00fablica de Hidalgo.<\/p>\n\n\n\n<figure class=\"wp-block-image\"><img fetchpriority=\"high\" decoding=\"async\" width=\"1024\" height=\"819\" src=\"https::\/\/elreporterohgo.com\/noticias\/wp-content\/uploads\/2022\/01\/130122-SSPH-TULA-1024x819.jpeg\" alt=\"\" class=\"wp-image-45629\" srcset=\"https:\/\/elreporterohgo.com\/noticias\/wp-content\/uploads\/2022\/01\/130122-SSPH-TULA-1024x819.jpeg 1024w, https:\/\/elreporterohgo.com\/noticias\/wp-content\/uploads\/2022\/01\/130122-SSPH-TULA-300x240.jpeg 300w, https:\/\/elreporterohgo.com\/noticias\/wp-content\/uploads\/2022\/01\/130122-SSPH-TULA-768x614.jpeg 768w, https:\/\/elreporterohgo.com\/noticias\/wp-content\/uploads\/2022\/01\/130122-SSPH-TULA.jpeg 1280w\" sizes=\"(max-width: 1024px) 100vw, 1024px\" \/><\/figure>\n\n\n\n<p>Un reporte de auxilio al\nC5i de Hidalgo, a trav\u00e9s del 911 de Emergencias, por parte de los propietarios\nde una vivienda de la colonia Alvarado, deriv\u00f3 en el\ndespliegue de unidades y oficiales de la Agencia de\nSeguridad Estatal.<\/p>\n\n\n\n<p>Con el consentimiento de\nlos habitantes, agentes a cargo de la acci\u00f3n policial ingresaron a la casa,\ndonde detuvieron a dos individuos que se identificaron como\nA.A.R.P., de 27 a\u00f1os, e I.I.C.S., de 24.<\/p>\n\n\n\n<p>A los hombres les aseguraron varias cajas con\nobjetos de valor, as\u00ed como herramienta de corte industrial. La v\u00edctima inici\u00f3 carpeta\nde investigaci\u00f3n ante el Ministerio P\u00fablico, instancia que recibi\u00f3 a los sujetos para realizar las investigaciones en\nconsecuencia.<\/p>\n","protected":false},"excerpt":{"rendered":"<p>TULA, Hgo.- Tras el presunto allanamiento y robo a un domicilio en el municipio de Tula, dos personas fueron detenidas durante operativo de la Secretar\u00eda de Seguridad P\u00fablica de Hidalgo. Un reporte de auxilio al C5i de Hidalgo, a trav\u00e9s del 911 de Emergencias, por parte de los propietarios de una vivienda de la colonia<\/p>\n","protected":false},"author":2,"featured_media":45629,"comment_status":"open","ping_status":"closed","sticky":false,"template":"","format":"standard","meta":{"footnotes":""},"categories":[10],"tags":[],"class_list":{"0":"post-45628","1":"post","2":"type-post","3":"status-publish","4":"format-standard","5":"has-post-thumbnail","7":"category-hidalgo"},"_links":{"self":[{"href":"https:\/\/elreporterohgo.com\/noticias\/wp-json\/wp\/v2\/posts\/45628","targetHints":{"allow":["GET"]}}],"collection":[{"href":"https:\/\/elreporterohgo.com\/noticias\/wp-json\/wp\/v2\/posts"}],"about":[{"href":"https:\/\/elreporterohgo.com\/noticias\/wp-json\/wp\/v2\/types\/post"}],"author":[{"embeddable":true,"href":"https:\/\/elreporterohgo.com\/noticias\/wp-json\/wp\/v2\/users\/2"}],"replies":[{"embeddable":true,"href":"https:\/\/elreporterohgo.com\/noticias\/wp-json\/wp\/v2\/comments?post=45628"}],"version-history":[{"count":1,"href":"https:\/\/elreporterohgo.com\/noticias\/wp-json\/wp\/v2\/posts\/45628\/revisions"}],"predecessor-version":[{"id":45630,"href":"https:\/\/elreporterohgo.com\/noticias\/wp-json\/wp\/v2\/posts\/45628\/revisions\/45630"}],"wp:featuredmedia":[{"embeddable":true,"href":"https:\/\/elreporterohgo.com\/noticias\/wp-json\/wp\/v2\/media\/45629"}],"wp:attachment":[{"href":"https:\/\/elreporterohgo.com\/noticias\/wp-json\/wp\/v2\/media?parent=45628"}],"wp:term":[{"taxonomy":"category","embeddable":true,"href":"https:\/\/elreporterohgo.com\/noticias\/wp-json\/wp\/v2\/categories?post=45628"},{"taxonomy":"post_tag","embeddable":true,"href":"https:\/\/elreporterohgo.com\/noticias\/wp-json\/wp\/v2\/tags?post=45628"}],"curies":[{"name":"wp","href":"https:\/\/api.w.org\/{rel}","templated":true}]}}