{"id":45621,"date":"2022-01-12T18:30:36","date_gmt":"2022-01-13T00:30:36","guid":{"rendered":"https:\/\/elreporterohgo.com\/noticias\/?p=45621"},"modified":"2022-01-12T18:30:37","modified_gmt":"2022-01-13T00:30:37","slug":"en-proximas-semanas-se-esperan-hasta-7-mil-contagios-por-omicron","status":"publish","type":"post","link":"https:\/\/elreporterohgo.com\/noticias\/2022\/01\/12\/en-proximas-semanas-se-esperan-hasta-7-mil-contagios-por-omicron\/","title":{"rendered":"En pr\u00f3ximas semanas se esperan hasta 7 mil contagios por \u00d3micron"},"content":{"rendered":"\n<ul class=\"wp-block-list\"><li>Hidalgo presenta aceleraci\u00f3n de variante \u00d3micron.<\/li><li>Cualquier sintomatolog\u00eda respiratoria aguda debe considerarse asociada a \u00d3micron<\/li><\/ul>\n\n\n\n<figure class=\"wp-block-image\"><img fetchpriority=\"high\" decoding=\"async\" width=\"1024\" height=\"683\" src=\"https::\/\/elreporterohgo.com\/noticias\/wp-content\/uploads\/2022\/01\/unnamed-1024x683.jpg\" alt=\"\" class=\"wp-image-45622\" srcset=\"https:\/\/elreporterohgo.com\/noticias\/wp-content\/uploads\/2022\/01\/unnamed-1024x683.jpg 1024w, https:\/\/elreporterohgo.com\/noticias\/wp-content\/uploads\/2022\/01\/unnamed-300x200.jpg 300w, https:\/\/elreporterohgo.com\/noticias\/wp-content\/uploads\/2022\/01\/unnamed-768x512.jpg 768w\" sizes=\"(max-width: 1024px) 100vw, 1024px\" \/><\/figure>\n\n\n\n<p>Con\nla llegada de la variante \u00d3micron a M\u00e9xico y en espec\u00edfico a Hidalgo, y\nderivado de diversos estudios que aseguran la alta transmisibilidad, se deben\ntomar acciones cautelosas para evitar un estado peligroso de suficiencia en el\nsector, as\u00ed lo expuso el titular de la Secretar\u00eda de Salud Estatal (SSH),\nAlejandro Efra\u00edn Ben\u00edtez Herrera quien ofreci\u00f3 ante medios de comunicaci\u00f3n el informe\nrespecto a la actual situaci\u00f3n epidemiol\u00f3gica que predomina en la Entidad por\nCOVID19 y sus afectaciones tras la presencia por las diversas variantes.<\/p>\n\n\n\n<p>Durante\nla presentaci\u00f3n del titular del ramo se detall\u00f3 la presencia de las variantes\nde preocupaci\u00f3n y de inter\u00e9s, contabilizando a la fecha 305 casos de \u00d3micron, en\ntanto que Delta la cifra corresponde a 51 casos, todo ello se\u00f1al\u00f3 el\nfuncionario, es producto de la alta movilizaci\u00f3n observada con motivo de las\nfiestas decembrinas por lo que a\u00fan se espera que en las siguientes semanas se\ndispare el incremento llegando hasta 7 mil contagios por la mutaci\u00f3n de \u00d3micron,\nsin\nembargo agreg\u00f3, hasta el momento cerca del 97 por ciento de los pacientes\npositivos son manejados de manera ambulatoria, producto del avance en la\njornada de vacunaci\u00f3n lo que disminuye la gravedad de la enfermedad y se\ntraduce tambi\u00e9n en disponer de mayor suficiencia hospitalaria contando a la\nfecha con s\u00f3lo un 32 por ciento de ocupaci\u00f3n.<\/p>\n\n\n\n<p>Defini\u00f3 que, de acuerdo al cuadro cl\u00ednico por \u00d3micron en donde predomina la tos, dolor de cabeza, garganta, dolor muscular, escurrimiento nasal , escalofr\u00edos, fiebre y ataque al estado general, es necesario optar por el aislamiento pues pidi\u00f3 no menospreciar esta variante de la cual, se desconoce su comportamiento o mutaci\u00f3n a otra cepa. <\/p>\n\n\n\n<figure class=\"wp-block-image\"><img decoding=\"async\" width=\"680\" height=\"575\" src=\"https::\/\/elreporterohgo.com\/noticias\/wp-content\/uploads\/2022\/01\/WhatsApp-Image-2022-01-12-at-6.28.32-PM.jpeg\" alt=\"\" class=\"wp-image-45623\" srcset=\"https:\/\/elreporterohgo.com\/noticias\/wp-content\/uploads\/2022\/01\/WhatsApp-Image-2022-01-12-at-6.28.32-PM.jpeg 680w, https:\/\/elreporterohgo.com\/noticias\/wp-content\/uploads\/2022\/01\/WhatsApp-Image-2022-01-12-at-6.28.32-PM-300x254.jpeg 300w\" sizes=\"(max-width: 680px) 100vw, 680px\" \/><\/figure>\n\n\n\n<p>Respecto\na la presencia de signos o s\u00edntomas y la controversia por la realizaci\u00f3n o no\nde pruebas diagn\u00f3sticas, el Secretario afirm\u00f3 que el hecho de que una\nprueba r\u00e1pida salga negativa, no significa que no se cuente con la infecci\u00f3n pues,\nel resultado depende del tiempo de incubaci\u00f3n ya que la carga viral m\u00e1s\nimportante para obtener la positividad se presenta a los 7 d\u00edas de contacto o\ncontagio con una persona positiva, adem\u00e1s de que, lejos de representar una\nafecci\u00f3n en el tejido pulmonar, esta variante se presenta a nivel nasofar\u00edngeo,\npor lo que actualmente cualquier sintomatolog\u00eda respiratoria aguda, debe\nconsiderarse como asociado a la nueva cepa.<\/p>\n\n\n\n<p>Ante\nlos cuestionamientos sobre el impacto que se espera por la realizaci\u00f3n de\neventos como campa\u00f1as electorales, el Secretario de Salud adelant\u00f3 que se\ndesarrollar\u00e1 una reuni\u00f3n con la presidenta del Instituto Estatal Electoral as\u00ed\ncomo dirigentes de partidos pol\u00edticos para determinar las reglas a las que se\ndeber\u00e1n apegar durante la contienda electoral, adem\u00e1s de que cualquier evento\nmasivo deber\u00e1 ser reportado con anticipaci\u00f3n ante la Comisi\u00f3n para la\nProtecci\u00f3n contra Riesgos Sanitarios para su aprobaci\u00f3n y recomendaciones.<\/p>\n\n\n\n<p>Acompa\u00f1ado\ndel titular de la Secretar\u00eda de Educaci\u00f3n P\u00fablica en Hidalgo (SEPH), Atilano\nRodr\u00edguez P\u00e9rez, Ben\u00edtez Herrera adelant\u00f3 que Hidalgo impuls\u00f3 ante el Centro Nacional de Programas Preventivos y Control\nde Enfermedades (<strong>CENAPRECE<\/strong>) un programa piloto que en breve\narrancar\u00e1, para disponer en cada instituto que conforma al Sector Salud, de\nm\u00f3dulos permanentes de vacunaci\u00f3n as\u00ed como brigadas que recorran en cada\ncabecera municipal, las localidades para el avance en la cobertura de la\nvacuna.<\/p>\n\n\n\n<p>Al\nrespecto, Atilano Rodr\u00edguez agreg\u00f3 que este 12 de enero arranc\u00f3 la inmunizaci\u00f3n\nde m\u00e1s de 73 mil docentes Hidalguenses en su vacuna de refuerzo con el\nbiol\u00f3gico Moderna, a trav\u00e9s de 27 sedes, por lo que se espera que este proceso\nfavorezca las condiciones de un retorno seguro a clases. <\/p>\n\n\n\n<p>En\ntorno al regreso a clases de forma presencial planteado para el pr\u00f3ximo 17 de\nenero, el funcionario dijo que ser\u00e1 este viernes y de manera colegiada con el Consejo\nde Salud Estatal, cuando se determine si es factible el retorno en esa fecha o\nsu posible postergaci\u00f3n.<\/p>\n\n\n\n<p>De\nacuerdo a las cifras que muestran el comportamiento de la cepa original en\nHidalgo, hasta el d\u00eda 11 de enero se registraron:<\/p>\n\n\n\n<ul class=\"wp-block-list\"><li>65 mil 879 casos acumulados, es decir, un\nincremento de 2 mil 809 pacientes en 15 d\u00edas, con 7 mil 917 defunciones y 46\nmil 496&nbsp; pacientes recuperados<\/li><li>&nbsp;2 mil 288 casos\nactivos y 68 pacientes hospitalizados<\/li><li>Se est\u00e1n presentando 187 pacientes positivos por\nd\u00eda<\/li><li>15 hidalguenses perdieron la vida en los \u00faltimos\n15 d\u00edas <\/li><li>11 municipios en sem\u00e1foro rojo, 16 en naranja, 17\nen amarillo y &nbsp;40 en verde<\/li><li>La Tasa de Reproducci\u00f3n Efectiva present\u00f3 un\nincremento al 2.07 es decir un incremento considerable<\/li><li>Desde el d\u00eda cero de retorno a clases a la fecha\nse han detectado &nbsp;&nbsp;&nbsp;&nbsp;&nbsp;&nbsp;&nbsp;casos extramuros<\/li><\/ul>\n\n\n\n<p>En tanto,\nel porcentaje de avance en la vacunaci\u00f3n anticovid supera el 68 por ciento, lo\nque representa la aplicaci\u00f3n de 2 millones 493 mil 69 dosis, cifra que\naumentar\u00e1 con la inmunizaci\u00f3n de los docentes.<\/p>\n\n\n\n<p>Como\nparte de la vigilancia epidemiol\u00f3gica se da seguimiento a la presencia de casos\nde Influenza en Hidalgo, por lo que al momento se han detectado 25 contagios de\ndiferentes subtipos, de los cuales el 84 por ciento ha requerido atenci\u00f3n\nambulatoria y 16 por ciento de los pacientes han sido hospitalizados. Al\nrespecto se agreg\u00f3 que la presencia simult\u00e1nea de COVID (Delta) con Influenza\nya ocasion\u00f3 una defunci\u00f3n en una paciente que no contaba con antecedente de\nvacuna.<\/p>\n","protected":false},"excerpt":{"rendered":"<p>Hidalgo presenta aceleraci\u00f3n de variante \u00d3micron. Cualquier sintomatolog\u00eda respiratoria aguda debe considerarse asociada a \u00d3micron Con la llegada de la variante \u00d3micron a M\u00e9xico y en espec\u00edfico a Hidalgo, y derivado de diversos estudios que aseguran la alta transmisibilidad, se deben tomar acciones cautelosas para evitar un estado peligroso de suficiencia en el sector, as\u00ed<\/p>\n","protected":false},"author":2,"featured_media":45623,"comment_status":"open","ping_status":"closed","sticky":false,"template":"","format":"standard","meta":{"footnotes":""},"categories":[10],"tags":[],"class_list":{"0":"post-45621","1":"post","2":"type-post","3":"status-publish","4":"format-standard","5":"has-post-thumbnail","7":"category-hidalgo"},"_links":{"self":[{"href":"https:\/\/elreporterohgo.com\/noticias\/wp-json\/wp\/v2\/posts\/45621","targetHints":{"allow":["GET"]}}],"collection":[{"href":"https:\/\/elreporterohgo.com\/noticias\/wp-json\/wp\/v2\/posts"}],"about":[{"href":"https:\/\/elreporterohgo.com\/noticias\/wp-json\/wp\/v2\/types\/post"}],"author":[{"embeddable":true,"href":"https:\/\/elreporterohgo.com\/noticias\/wp-json\/wp\/v2\/users\/2"}],"replies":[{"embeddable":true,"href":"https:\/\/elreporterohgo.com\/noticias\/wp-json\/wp\/v2\/comments?post=45621"}],"version-history":[{"count":1,"href":"https:\/\/elreporterohgo.com\/noticias\/wp-json\/wp\/v2\/posts\/45621\/revisions"}],"predecessor-version":[{"id":45624,"href":"https:\/\/elreporterohgo.com\/noticias\/wp-json\/wp\/v2\/posts\/45621\/revisions\/45624"}],"wp:featuredmedia":[{"embeddable":true,"href":"https:\/\/elreporterohgo.com\/noticias\/wp-json\/wp\/v2\/media\/45623"}],"wp:attachment":[{"href":"https:\/\/elreporterohgo.com\/noticias\/wp-json\/wp\/v2\/media?parent=45621"}],"wp:term":[{"taxonomy":"category","embeddable":true,"href":"https:\/\/elreporterohgo.com\/noticias\/wp-json\/wp\/v2\/categories?post=45621"},{"taxonomy":"post_tag","embeddable":true,"href":"https:\/\/elreporterohgo.com\/noticias\/wp-json\/wp\/v2\/tags?post=45621"}],"curies":[{"name":"wp","href":"https:\/\/api.w.org\/{rel}","templated":true}]}}