{"id":45609,"date":"2022-01-12T17:59:03","date_gmt":"2022-01-12T23:59:03","guid":{"rendered":"https:\/\/elreporterohgo.com\/noticias\/?p=45609"},"modified":"2022-01-12T17:59:04","modified_gmt":"2022-01-12T23:59:04","slug":"arranca-jornada-de-vacunacion-de-reforzamiento-en-uaeh","status":"publish","type":"post","link":"https:\/\/elreporterohgo.com\/noticias\/2022\/01\/12\/arranca-jornada-de-vacunacion-de-reforzamiento-en-uaeh\/","title":{"rendered":"Arranca Jornada de Vacunaci\u00f3n de Reforzamiento en UAEH"},"content":{"rendered":"\n<p><em>*La Universidad recibir\u00e1 a aproximadamente seis mil 250\npersonas durante los tres d\u00edas<\/em><\/p>\n\n\n\n<div class=\"wp-block-image\"><figure class=\"alignleft is-resized\"><img fetchpriority=\"high\" decoding=\"async\" src=\"https::\/\/elreporterohgo.com\/noticias\/wp-content\/uploads\/2022\/01\/02-1024x682.jpeg\" alt=\"\" class=\"wp-image-45610\" width=\"364\" height=\"242\" srcset=\"https:\/\/elreporterohgo.com\/noticias\/wp-content\/uploads\/2022\/01\/02-1024x682.jpeg 1024w, https:\/\/elreporterohgo.com\/noticias\/wp-content\/uploads\/2022\/01\/02-300x200.jpeg 300w, https:\/\/elreporterohgo.com\/noticias\/wp-content\/uploads\/2022\/01\/02-768x512.jpeg 768w, https:\/\/elreporterohgo.com\/noticias\/wp-content\/uploads\/2022\/01\/02.jpeg 1600w\" sizes=\"(max-width: 364px) 100vw, 364px\" \/><\/figure><\/div>\n\n\n\n<p>Pachuca de Soto, Hidalgo. \u2013 Este mi\u00e9rcoles 12 de\nenero, arranc\u00f3 la Jornada de Vacunaci\u00f3n de Reforzamiento en el Polif\u00f3rum\n\u201cCarlos Mart\u00ednez Balmori\u201d de la Universidad Aut\u00f3noma del Estado de Hidalgo\n(UAEH), en la cual se espera recibir aproximadamente a seis mil 250 personas en\nlos tres d\u00edas que durar\u00e1 esta actividad, que beneficia principalmente a las y\nlos estudiantes de la entidad. <\/p>\n\n\n\n<p>En punto de las 9:00 horas dio inicio la aplicaci\u00f3n\ndel biol\u00f3gico correspondiente a la vacuna Moderna. Previamente, a las 8:30,\nautoridades de la m\u00e1xima casa de estudios de la entidad y de la Secretar\u00eda de\nEducaci\u00f3n P\u00fablica (SEP) anunciaron el inicio de la Jornada, lo que dio paso al\nregistro para continuar con el filtro de revisi\u00f3n de documentos. <\/p>\n\n\n\n<p>La Aut\u00f3noma de Hidalgo espera recibir durante los d\u00edas 12, 13 y 14 de enero a un aproximado de seis mil 250 trabajadores de todos los niveles educativos que se encuentran en la zona metropolitana de Pachuca. Este d\u00eda se atendieron a 240 por hora, en donde los protocolos fueron \u00e1giles, con una una espera de cinco a diez minutos desde el registro hasta la aplicaci\u00f3n del biol\u00f3gico.<\/p>\n\n\n\n<figure class=\"wp-block-image\"><img decoding=\"async\" width=\"1024\" height=\"620\" src=\"https::\/\/elreporterohgo.com\/noticias\/wp-content\/uploads\/2022\/01\/01-1024x620.jpeg\" alt=\"\" class=\"wp-image-45611\" srcset=\"https:\/\/elreporterohgo.com\/noticias\/wp-content\/uploads\/2022\/01\/01-1024x620.jpeg 1024w, https:\/\/elreporterohgo.com\/noticias\/wp-content\/uploads\/2022\/01\/01-300x182.jpeg 300w, https:\/\/elreporterohgo.com\/noticias\/wp-content\/uploads\/2022\/01\/01-768x465.jpeg 768w, https:\/\/elreporterohgo.com\/noticias\/wp-content\/uploads\/2022\/01\/01.jpeg 1352w\" sizes=\"(max-width: 1024px) 100vw, 1024px\" \/><\/figure>\n\n\n\n<p>Se instalaron en las inmediaciones del complejo\nuniversitario 12 c\u00e9lulas de vacunaci\u00f3n que atendieron a las personas que\ncumplieron con los requisitos, como no presentar dolor de cabeza, escurrimiento\nnasal, dolor de garganta, fiebre o tos, adem\u00e1s de la documentaci\u00f3n. Cabe\nse\u00f1alar que quienes presentaron s\u00edntomas no se les permiti\u00f3 la entrada y se les\nindic\u00f3 el lugar o la instituci\u00f3n de salud a donde podr\u00edan acudir. <\/p>\n\n\n\n<p>Por otro lado, adem\u00e1s del personal de la Universidad,\nparticipan tambi\u00e9n 150 prestadores de servicio social que coadyuvaron al\nfortalecimiento de la planificaci\u00f3n y realizaci\u00f3n de la Jornada. Como parte de\nsus actividades realizan asesor\u00edas m\u00e9dicas, verifican filtros y protocolos de\nseguridad sanitaria, as\u00ed como el registro correcto de los asistentes en\nplataformas. Adem\u00e1s, el servicio de Transporte Universitario Garzab\u00fas se ha\nhabilitado para brindar servicio desde la entrada a la Ciudad del Conocimiento\nal Polif\u00f3rum. <\/p>\n\n\n\n<p>Olga Mayra Hern\u00e1ndez Mendoza, del Jard\u00edn de Ni\u00f1os\n\u201cMar\u00eda Isabel Salazar P\u00e9rez\u201d fue una de las primeras personas en pasar a las\nc\u00e9lulas de vacunaci\u00f3n. \u201cEs muy importante para m\u00ed recibirla para mi seguridad y\nde las dem\u00e1s personas en las que estoy en contacto. Yo les digo a mis\ncompa\u00f1eros que aprovechen las facilidades que nos dan, adem\u00e1s de que aqu\u00ed\nllevan un buen seguimiento, trato y nos van orientando\u201d, extern\u00f3. <\/p>\n\n\n\n<p>El proceso de aplicaci\u00f3n en la Universidad Aut\u00f3noma\ndel Estado de Hidalgo es \u00e1gil, por lo que se pide a quienes se les design\u00f3 esta\nsede llegar a la hora de su cita para as\u00ed evitar aglomeraciones.<\/p>\n","protected":false},"excerpt":{"rendered":"<p>*La Universidad recibir\u00e1 a aproximadamente seis mil 250 personas durante los tres d\u00edas Pachuca de Soto, Hidalgo. \u2013 Este mi\u00e9rcoles 12 de enero, arranc\u00f3 la Jornada de Vacunaci\u00f3n de Reforzamiento en el Polif\u00f3rum \u201cCarlos Mart\u00ednez Balmori\u201d de la Universidad Aut\u00f3noma del Estado de Hidalgo (UAEH), en la cual se espera recibir aproximadamente a seis mil<\/p>\n","protected":false},"author":2,"featured_media":45610,"comment_status":"open","ping_status":"closed","sticky":false,"template":"","format":"standard","meta":{"footnotes":""},"categories":[10],"tags":[],"class_list":{"0":"post-45609","1":"post","2":"type-post","3":"status-publish","4":"format-standard","5":"has-post-thumbnail","7":"category-hidalgo"},"_links":{"self":[{"href":"https:\/\/elreporterohgo.com\/noticias\/wp-json\/wp\/v2\/posts\/45609","targetHints":{"allow":["GET"]}}],"collection":[{"href":"https:\/\/elreporterohgo.com\/noticias\/wp-json\/wp\/v2\/posts"}],"about":[{"href":"https:\/\/elreporterohgo.com\/noticias\/wp-json\/wp\/v2\/types\/post"}],"author":[{"embeddable":true,"href":"https:\/\/elreporterohgo.com\/noticias\/wp-json\/wp\/v2\/users\/2"}],"replies":[{"embeddable":true,"href":"https:\/\/elreporterohgo.com\/noticias\/wp-json\/wp\/v2\/comments?post=45609"}],"version-history":[{"count":1,"href":"https:\/\/elreporterohgo.com\/noticias\/wp-json\/wp\/v2\/posts\/45609\/revisions"}],"predecessor-version":[{"id":45612,"href":"https:\/\/elreporterohgo.com\/noticias\/wp-json\/wp\/v2\/posts\/45609\/revisions\/45612"}],"wp:featuredmedia":[{"embeddable":true,"href":"https:\/\/elreporterohgo.com\/noticias\/wp-json\/wp\/v2\/media\/45610"}],"wp:attachment":[{"href":"https:\/\/elreporterohgo.com\/noticias\/wp-json\/wp\/v2\/media?parent=45609"}],"wp:term":[{"taxonomy":"category","embeddable":true,"href":"https:\/\/elreporterohgo.com\/noticias\/wp-json\/wp\/v2\/categories?post=45609"},{"taxonomy":"post_tag","embeddable":true,"href":"https:\/\/elreporterohgo.com\/noticias\/wp-json\/wp\/v2\/tags?post=45609"}],"curies":[{"name":"wp","href":"https:\/\/api.w.org\/{rel}","templated":true}]}}