{"id":45566,"date":"2022-01-10T19:45:20","date_gmt":"2022-01-11T01:45:20","guid":{"rendered":"https:\/\/elreporterohgo.com\/noticias\/?p=45566"},"modified":"2022-01-10T19:45:22","modified_gmt":"2022-01-11T01:45:22","slug":"amlo-se-contagia-otra-vez-de-covid-19","status":"publish","type":"post","link":"https:\/\/elreporterohgo.com\/noticias\/2022\/01\/10\/amlo-se-contagia-otra-vez-de-covid-19\/","title":{"rendered":"AMLO se contagia otra vez de COVID 19"},"content":{"rendered":"\n<figure class=\"wp-block-image\"><img fetchpriority=\"high\" decoding=\"async\" width=\"800\" height=\"450\" src=\"https::\/\/elreporterohgo.com\/noticias\/wp-content\/uploads\/2022\/01\/AMLO.jpeg\" alt=\"\" class=\"wp-image-45573\" srcset=\"https:\/\/elreporterohgo.com\/noticias\/wp-content\/uploads\/2022\/01\/AMLO.jpeg 800w, https:\/\/elreporterohgo.com\/noticias\/wp-content\/uploads\/2022\/01\/AMLO-300x169.jpeg 300w, https:\/\/elreporterohgo.com\/noticias\/wp-content\/uploads\/2022\/01\/AMLO-768x432.jpeg 768w\" sizes=\"(max-width: 800px) 100vw, 800px\" \/><\/figure>\n\n\n\n<p>El presidente Andr\u00e9s Manuel L\u00f3pez Obrador inform\u00f3 la tarde de este lunes que se contagi\u00f3<strong>\u00a0por segunda ocasi\u00f3n<\/strong>\u00a0con el virus SARS-CoV-2, por lo que proceder\u00e1 a aislarse.<\/p>\n\n\n\n<p>\u201cInformo a ustedes que estoy contagiado de&nbsp;<a href=\"https:s:\/\/twitter.com\/hashtag\/COVID19?src=hashtag_click\">#COVID19<\/a>&nbsp;y aunque los s\u00edntomas son leves,&nbsp;<strong>permanecer\u00e9 en aislamiento&nbsp;<\/strong>y solo realizar\u00e9 trabajo de oficina y me comunicar\u00e9 de manera virtual hasta salir adelante\u201d, public\u00f3 en su cuenta de Twitter.<\/p>\n\n\n\n<p>En su ausencia,<strong>\u00a0Ad\u00e1n Augusto L\u00f3pez<\/strong>, secretario de Gobernaci\u00f3n, conducir\u00e1 la tradicional conferencia de prensa de la ma\u00f1ana, agreg\u00f3 el mandatario.<a href=\"https:s:\/\/www.elfinanciero.com.mx\/salud\/2022\/01\/10\/no-hagas-un-amlo-y-aislate-si-tienes-sintomas-de-gripe\/\"><\/a><\/p>\n\n\n\n<p>En su  conferencia ma\u00f1anera de este lunes, el presidente se mostr\u00f3 con s\u00edntomas parecidos a los de la gripe.<\/p>\n\n\n\n<p>\u201cS\u00ed, amanec\u00ed ronco, me voy a hacer la prueba m\u00e1s tarde\u201d, dijo en su momento.<\/p>\n\n\n\n<p>Con el presidente, son ya tres los casos de COVID en el gabinete: el viernes pasado, la secretaria de Econom\u00eda, inform\u00f3 que su prueba hab\u00eda salido positiva. De hecho, la funcionaria se reuni\u00f3 con el mandatario la semana pasada. L\u00f3pez Obrador descart\u00f3 realizarse una prueba ese d\u00eda despu\u00e9s de que le informaran del contagio de Clouthier.<a href=\"https:s:\/\/www.elfinanciero.com.mx\/ciencia\/2022\/01\/10\/viviste-con-un-positivo-a-covid-y-no-te-contagiaste-la-gripe-puede-ser-la-respuesta\/\"><\/a><\/p>\n\n\n\n<p>\u201cNo, no. La verdad, que estoy muy bien, estoy bien, y&nbsp;<strong>no tengo s\u00edntomas<\/strong>, o sea, cuando uno tiene s\u00edntomas es cuando hay que hacerse la prueba. Entonces, estoy muy bien\u201d, dijo el viernes 7 de enero.<\/p>\n\n\n\n<p>El otro caso de COVID dentro del gabinete es el de\u00a0 la secretaria de Medio Ambiente.<\/p>\n\n\n\n<p>Con informaci\u00f3n de El Financiero.<\/p>\n","protected":false},"excerpt":{"rendered":"<p>El presidente Andr\u00e9s Manuel L\u00f3pez Obrador inform\u00f3 la tarde de este lunes que se contagi\u00f3\u00a0por segunda ocasi\u00f3n\u00a0con el virus SARS-CoV-2, por lo que proceder\u00e1 a aislarse. \u201cInformo a ustedes que estoy contagiado de&nbsp;#COVID19&nbsp;y aunque los s\u00edntomas son leves,&nbsp;permanecer\u00e9 en aislamiento&nbsp;y solo realizar\u00e9 trabajo de oficina y me comunicar\u00e9 de manera virtual hasta salir adelante\u201d, public\u00f3<\/p>\n","protected":false},"author":2,"featured_media":45573,"comment_status":"open","ping_status":"closed","sticky":false,"template":"","format":"standard","meta":{"footnotes":""},"categories":[10],"tags":[],"class_list":{"0":"post-45566","1":"post","2":"type-post","3":"status-publish","4":"format-standard","5":"has-post-thumbnail","7":"category-hidalgo"},"_links":{"self":[{"href":"https:\/\/elreporterohgo.com\/noticias\/wp-json\/wp\/v2\/posts\/45566","targetHints":{"allow":["GET"]}}],"collection":[{"href":"https:\/\/elreporterohgo.com\/noticias\/wp-json\/wp\/v2\/posts"}],"about":[{"href":"https:\/\/elreporterohgo.com\/noticias\/wp-json\/wp\/v2\/types\/post"}],"author":[{"embeddable":true,"href":"https:\/\/elreporterohgo.com\/noticias\/wp-json\/wp\/v2\/users\/2"}],"replies":[{"embeddable":true,"href":"https:\/\/elreporterohgo.com\/noticias\/wp-json\/wp\/v2\/comments?post=45566"}],"version-history":[{"count":1,"href":"https:\/\/elreporterohgo.com\/noticias\/wp-json\/wp\/v2\/posts\/45566\/revisions"}],"predecessor-version":[{"id":45574,"href":"https:\/\/elreporterohgo.com\/noticias\/wp-json\/wp\/v2\/posts\/45566\/revisions\/45574"}],"wp:featuredmedia":[{"embeddable":true,"href":"https:\/\/elreporterohgo.com\/noticias\/wp-json\/wp\/v2\/media\/45573"}],"wp:attachment":[{"href":"https:\/\/elreporterohgo.com\/noticias\/wp-json\/wp\/v2\/media?parent=45566"}],"wp:term":[{"taxonomy":"category","embeddable":true,"href":"https:\/\/elreporterohgo.com\/noticias\/wp-json\/wp\/v2\/categories?post=45566"},{"taxonomy":"post_tag","embeddable":true,"href":"https:\/\/elreporterohgo.com\/noticias\/wp-json\/wp\/v2\/tags?post=45566"}],"curies":[{"name":"wp","href":"https:\/\/api.w.org\/{rel}","templated":true}]}}