{"id":45549,"date":"2022-01-08T23:52:55","date_gmt":"2022-01-09T05:52:55","guid":{"rendered":"https:\/\/elreporterohgo.com\/noticias\/?p=45549"},"modified":"2022-01-08T23:52:55","modified_gmt":"2022-01-09T05:52:55","slug":"jornada-de-vacunacion-covid-19-para-el-sector-educativo-hidalgo-2022","status":"publish","type":"post","link":"https:\/\/elreporterohgo.com\/noticias\/2022\/01\/08\/jornada-de-vacunacion-covid-19-para-el-sector-educativo-hidalgo-2022\/","title":{"rendered":"Jornada de Vacunaci\u00f3n Covid-19 para el Sector Educativo Hidalgo 2022"},"content":{"rendered":"\n<figure class=\"wp-block-image\"><img fetchpriority=\"high\" decoding=\"async\" width=\"1024\" height=\"791\" src=\"https::\/\/elreporterohgo.com\/noticias\/wp-content\/uploads\/2022\/01\/ggg-2-1024x791.jpg\" alt=\"\" class=\"wp-image-45550\" srcset=\"https:\/\/elreporterohgo.com\/noticias\/wp-content\/uploads\/2022\/01\/ggg-2-1024x791.jpg 1024w, https:\/\/elreporterohgo.com\/noticias\/wp-content\/uploads\/2022\/01\/ggg-2-300x232.jpg 300w, https:\/\/elreporterohgo.com\/noticias\/wp-content\/uploads\/2022\/01\/ggg-2-768x593.jpg 768w, https:\/\/elreporterohgo.com\/noticias\/wp-content\/uploads\/2022\/01\/ggg-2.jpg 1650w\" sizes=\"(max-width: 1024px) 100vw, 1024px\" \/><\/figure>\n\n\n\n<p>Todo est\u00e1 listo para que, del 12 al 14 de enero, se lleve a cabo la Jornada de Vacunaci\u00f3n Covid-19 para el Sector Educativo Hidalgo 2022, en la que se aplicar\u00e1 el refuerzo al personal docente, directivo, administrativo o de apoyo en escuelas p\u00fablicas y privadas de educaci\u00f3n inicial hasta superior. <\/p>\n\n\n\n<p>Al\nanunciar la estrategia en reuni\u00f3n virtual, en la que participaron m\u00e1s de 12 mil\ntrabajadores del sector educativo, el secretario de Educaci\u00f3n P\u00fablica de\nHidalgo, Atilano Rodr\u00edguez P\u00e9rez, destac\u00f3 que se han destinado 27 sedes de\nvacunaci\u00f3n ubicadas en todas las regiones del estado.<\/p>\n\n\n\n<p>Para\nello, se deber\u00e1 ingresar con la CURP al Sistema de Registro para el Proceso de Vacunaci\u00f3n\ndel Sector Educativo <a href=\"https::\/\/www.vacunacion.seph.gob.mx\">www.vacunacion.seph.gob.mx<\/a>, donde se llenar\u00e1 un formulario y posteriormente\nse podr\u00e1 descargar e imprimir el Formato de Registro en el Portal SEPH con c\u00f3digo\nQR, el cual indicar\u00e1 la fecha, hora y sede para la aplicaci\u00f3n.<\/p>\n\n\n\n<p>En\ndicha reuni\u00f3n, el titular de la Oficina de Enlace Educativo del Gobierno de\nM\u00e9xico en el estado de Hidalgo, Jes\u00fas L\u00f3pez Serrano, se\u00f1al\u00f3 que ya se encuentran\nen el pa\u00eds las vacunas que ser\u00e1n aplicadas al personal educativo, por lo que el\nproceso se llevar\u00e1 a cabo en tiempo y forma. Destac\u00f3 el trabajo coordinado\nentre el gobierno federal y el de Hidalgo en este tema y en todo lo referente\nal sector educativo.<\/p>\n\n\n\n<p>Cabe\nse\u00f1alar que, las y los trabajadores de la educaci\u00f3n deber\u00e1n llevar impreso, al acudir\na su sede correspondiente, el Formato de Registro en el Portal SEPH con c\u00f3digo\nQR, el certificado de vacunaci\u00f3n contra la Covid-19 o en su caso el comprobante\nde vacunaci\u00f3n covid-19 del 2021, el comprobante para el refuerzo de vacunaci\u00f3n\nCovid-19 del portal <a href=\"https:s:\/\/mivacuna.salud.gob.mx\/index.php\">https:s:\/\/mivacuna.salud.gob.mx\/index.php<\/a>, as\u00ed como una copia de la CURP y una\nidentificaci\u00f3n oficial con fotograf\u00eda, las cuales ser\u00e1n solicitadas al ingresar\nal lugar.<\/p>\n\n\n\n<p>En el portal de la SEPH <a href=\"https::\/\/www.hgo.sep.gob.mx\">sep.hidalgo.gob.mx<\/a><strong> <\/strong>y en las redes sociales oficiales de esta dependencia, en\nFacebook: Secretar\u00eda de Educaci\u00f3n P\u00fablica de Hidalgo y Twitter: @SEPHidalgo, se\nencuentra publicado un tutorial para llevar a cabo el registro de manera\nexitosa, el cual estar\u00e1 abierto a partir de las 10:00 horas del domingo 09 de\nenero del a\u00f1o en curso. Tambi\u00e9n se ha puesto a disposici\u00f3n un correo\nelectr\u00f3nico para dudas y aclaraciones: <a href=\"mailto:mesadeayuda.vacunacion2022@seph.gob.mx\">mesadeayuda.vacunacion2022@seph.gob.mx<\/a> <\/p>\n\n\n\n<p>Las\nsedes de aplicaci\u00f3n, estar\u00e1n ubicadas en: <\/p>\n\n\n\n<p>1&nbsp;&nbsp;&nbsp;&nbsp;&nbsp;&nbsp;&nbsp;&nbsp;&nbsp; CECYTEH PLANTEL ACAXOCHITL\u00c1N,\nACAXOCHITL\u00c1N<\/p>\n\n\n\n<p>2&nbsp;&nbsp;&nbsp;&nbsp;&nbsp;&nbsp;&nbsp;&nbsp;&nbsp; UNIDAD DEPORTIVA DE ACTOPAN, ACTOPAN<\/p>\n\n\n\n<p>3&nbsp;&nbsp;&nbsp;&nbsp;&nbsp;&nbsp;&nbsp;&nbsp;&nbsp; ITESA, APAN<\/p>\n\n\n\n<p>4&nbsp;&nbsp;&nbsp;&nbsp;&nbsp;&nbsp;&nbsp;&nbsp;&nbsp; CECYTEH PLANTEL ATLAPEXCO, ATLAPEXCO<\/p>\n\n\n\n<p>5&nbsp;&nbsp;&nbsp;&nbsp;&nbsp;&nbsp;&nbsp;&nbsp;&nbsp; AUDITORIO, ATOTONILCO EL GRANDE<\/p>\n\n\n\n<p>6&nbsp;&nbsp;&nbsp;&nbsp;&nbsp;&nbsp;&nbsp;&nbsp;&nbsp; CANCHA TECHADA, CHAPULHUAC\u00c1N <\/p>\n\n\n\n<p>7&nbsp;&nbsp;&nbsp;&nbsp;&nbsp;&nbsp;&nbsp;&nbsp;&nbsp; ESCUELA SECUNDARIA T\u00c9CNICA 14,\nTEPATEPEC, FRANCISCO I MADERO<\/p>\n\n\n\n<p>8&nbsp;&nbsp;&nbsp;&nbsp;&nbsp;&nbsp;&nbsp;&nbsp;&nbsp; ISSSTE CL\u00cdNICA HOSPITAL DANIEL SALAZAR,\nHUEJUTLA DE REYES<\/p>\n\n\n\n<p>9&nbsp;&nbsp;&nbsp;&nbsp;&nbsp;&nbsp;&nbsp;&nbsp;&nbsp; ESCUELA PRIMARIA FAUSTA CARETA,\nHUEJUTLA DE REYES<\/p>\n\n\n\n<p>10&nbsp;&nbsp;&nbsp;&nbsp;&nbsp;&nbsp;&nbsp; ESCUELA PRIMARIA JULI\u00c1N VILLAGR\u00c1N,\nHUICHAPAN<\/p>\n\n\n\n<p>11&nbsp;&nbsp;&nbsp;&nbsp;&nbsp;&nbsp;&nbsp; ESCUELA SECUNDARIA GENERAL JUSTO SIERRA,\nIXMIQUILPAN<\/p>\n\n\n\n<p>12&nbsp;&nbsp;&nbsp;&nbsp;&nbsp;&nbsp;&nbsp; AUDITORIO MUNICIPAL \u00abCORONEL\nALFONSO MAYORGA\u00bb, JACALA DE LEDEZMA <\/p>\n\n\n\n<p>13&nbsp;&nbsp;&nbsp;&nbsp;&nbsp;&nbsp;&nbsp; CECYTEH PLANTEL METZTITL\u00c1N, METZTITL\u00c1N<\/p>\n\n\n\n<p>14&nbsp;&nbsp;&nbsp;&nbsp;&nbsp;&nbsp;&nbsp; POLIDEPORTIVO CARLOS MART\u00cdNEZ BALMORI,\nUAEH, MINERAL DE LA REFORMA<\/p>\n\n\n\n<p>15&nbsp;&nbsp;&nbsp;&nbsp;&nbsp;&nbsp;&nbsp; CBTA N\u00daM. 6 PLANTEL MOLANGO, MOLANGO DE\nESCAMILLA<\/p>\n\n\n\n<p>16&nbsp;&nbsp;&nbsp;&nbsp;&nbsp;&nbsp;&nbsp; CBTIS NO. 222, PACHUCA DE SOTO<\/p>\n\n\n\n<p>17&nbsp;&nbsp;&nbsp;&nbsp;&nbsp;&nbsp;&nbsp; INSTITUTO TECNOL\u00d3GICO DE PACHUCA,\nPACHUCA DE SOTO<\/p>\n\n\n\n<p>18&nbsp;&nbsp;&nbsp;&nbsp;&nbsp;&nbsp;&nbsp; CECYT 16 &#8211; INSTITUTO POLIT\u00c9CNICO\nNACIONAL, SAN AGUST\u00cdN TLAXIACA<\/p>\n\n\n\n<p>19&nbsp;&nbsp;&nbsp;&nbsp;&nbsp;&nbsp;&nbsp; UNIVERSIDAD INTERCULTURAL, TENANGO DE\nDORIA<\/p>\n\n\n\n<p>20&nbsp;&nbsp;&nbsp;&nbsp;&nbsp;&nbsp;&nbsp; AUDITORIO DE LA UNIDAD DEPORTIVA\nTEPEXIC, TEPEJI DEL R\u00cdO<\/p>\n\n\n\n<p>21&nbsp;&nbsp;&nbsp;&nbsp;&nbsp;&nbsp;&nbsp; ESCUELA PRIMARIA REYNALDO G\u00d3MEZ ALDANA,\nTIZAYUCA<\/p>\n\n\n\n<p>22&nbsp;&nbsp;&nbsp;&nbsp;&nbsp;&nbsp;&nbsp; SECUNDARIA BENITO JU\u00c1REZ, TLAXCOAPAN<\/p>\n\n\n\n<p>23&nbsp;&nbsp;&nbsp;&nbsp;&nbsp;&nbsp;&nbsp; UNIVERSIDAD TECNOL\u00d3GICA TULA-TEPEJ\u00cd,\nTULA DE ALLENDE<\/p>\n\n\n\n<p>24&nbsp;&nbsp;&nbsp;&nbsp;&nbsp;&nbsp;&nbsp; ISSSTE CL\u00cdNICA MEDICINA FAMILIAR,\nTULANCINGO DE BRAVO<\/p>\n\n\n\n<p>25&nbsp;&nbsp;&nbsp;&nbsp;&nbsp;&nbsp;&nbsp; EXPLANADA MUNICIPAL, TULANCINGO DE BRAVO<\/p>\n\n\n\n<p>26&nbsp;&nbsp;&nbsp;&nbsp;&nbsp;&nbsp;&nbsp; SECUNDARIA TE\u00d3FILO RIVERA, ZACUALTIP\u00c1N\nDE \u00c1NGELES<\/p>\n\n\n\n<p>27&nbsp;&nbsp;&nbsp;&nbsp;&nbsp;&nbsp;&nbsp; ESCUELA SECUNDARIA FELIPE \u00c1NGELES,\nZIMAP\u00c1N<\/p>\n","protected":false},"excerpt":{"rendered":"<p>Todo est\u00e1 listo para que, del 12 al 14 de enero, se lleve a cabo la Jornada de Vacunaci\u00f3n Covid-19 para el Sector Educativo Hidalgo 2022, en la que se aplicar\u00e1 el refuerzo al personal docente, directivo, administrativo o de apoyo en escuelas p\u00fablicas y privadas de educaci\u00f3n inicial hasta superior. Al anunciar la estrategia<\/p>\n","protected":false},"author":2,"featured_media":45550,"comment_status":"open","ping_status":"closed","sticky":false,"template":"","format":"standard","meta":{"footnotes":""},"categories":[10],"tags":[],"class_list":{"0":"post-45549","1":"post","2":"type-post","3":"status-publish","4":"format-standard","5":"has-post-thumbnail","7":"category-hidalgo"},"_links":{"self":[{"href":"https:\/\/elreporterohgo.com\/noticias\/wp-json\/wp\/v2\/posts\/45549","targetHints":{"allow":["GET"]}}],"collection":[{"href":"https:\/\/elreporterohgo.com\/noticias\/wp-json\/wp\/v2\/posts"}],"about":[{"href":"https:\/\/elreporterohgo.com\/noticias\/wp-json\/wp\/v2\/types\/post"}],"author":[{"embeddable":true,"href":"https:\/\/elreporterohgo.com\/noticias\/wp-json\/wp\/v2\/users\/2"}],"replies":[{"embeddable":true,"href":"https:\/\/elreporterohgo.com\/noticias\/wp-json\/wp\/v2\/comments?post=45549"}],"version-history":[{"count":1,"href":"https:\/\/elreporterohgo.com\/noticias\/wp-json\/wp\/v2\/posts\/45549\/revisions"}],"predecessor-version":[{"id":45551,"href":"https:\/\/elreporterohgo.com\/noticias\/wp-json\/wp\/v2\/posts\/45549\/revisions\/45551"}],"wp:featuredmedia":[{"embeddable":true,"href":"https:\/\/elreporterohgo.com\/noticias\/wp-json\/wp\/v2\/media\/45550"}],"wp:attachment":[{"href":"https:\/\/elreporterohgo.com\/noticias\/wp-json\/wp\/v2\/media?parent=45549"}],"wp:term":[{"taxonomy":"category","embeddable":true,"href":"https:\/\/elreporterohgo.com\/noticias\/wp-json\/wp\/v2\/categories?post=45549"},{"taxonomy":"post_tag","embeddable":true,"href":"https:\/\/elreporterohgo.com\/noticias\/wp-json\/wp\/v2\/tags?post=45549"}],"curies":[{"name":"wp","href":"https:\/\/api.w.org\/{rel}","templated":true}]}}