{"id":45520,"date":"2022-01-06T19:04:17","date_gmt":"2022-01-07T01:04:17","guid":{"rendered":"https:\/\/elreporterohgo.com\/noticias\/?p=45520"},"modified":"2022-01-06T19:04:18","modified_gmt":"2022-01-07T01:04:18","slug":"reciben-pago-trabajadores-de-apoyo-y-asistencia-a-la-educacion","status":"publish","type":"post","link":"https:\/\/elreporterohgo.com\/noticias\/2022\/01\/06\/reciben-pago-trabajadores-de-apoyo-y-asistencia-a-la-educacion\/","title":{"rendered":"Reciben pago trabajadores de apoyo y asistencia a la educaci\u00f3n"},"content":{"rendered":"\n<p><strong>E<\/strong><\/p>\n\n\n\n<figure class=\"wp-block-image\"><img fetchpriority=\"high\" decoding=\"async\" width=\"1024\" height=\"682\" src=\"https::\/\/elreporterohgo.com\/noticias\/wp-content\/uploads\/2022\/01\/unnamed-2022-01-06T190008.330-1024x682.jpg\" alt=\"\" class=\"wp-image-45521\" srcset=\"https:\/\/elreporterohgo.com\/noticias\/wp-content\/uploads\/2022\/01\/unnamed-2022-01-06T190008.330-1024x682.jpg 1024w, https:\/\/elreporterohgo.com\/noticias\/wp-content\/uploads\/2022\/01\/unnamed-2022-01-06T190008.330-300x200.jpg 300w, https:\/\/elreporterohgo.com\/noticias\/wp-content\/uploads\/2022\/01\/unnamed-2022-01-06T190008.330-768x512.jpg 768w, https:\/\/elreporterohgo.com\/noticias\/wp-content\/uploads\/2022\/01\/unnamed-2022-01-06T190008.330.jpg 1280w\" sizes=\"(max-width: 1024px) 100vw, 1024px\" \/><\/figure>\n\n\n\n<p>Con\nacciones como el programa de Carrera Administrativa, el gobierno que encabeza Omar\nFayad reconoce a las y los trabajadores de la educaci\u00f3n como los principales\naliados para cumplir con la exigencia social de forjar, en las instituciones\neducativas, generaciones capaces responder a las demandas de desarrollo y\ncrecimiento de Hidalgo.<\/p>\n\n\n\n<p>Es\nas\u00ed que el d\u00eda de hoy, 2 mil 301 trabajadores de apoyo y asistencia a la educaci\u00f3n\nrecibieron el pago correspondiente a dicho programa, retroactivo a enero de\n2021. De ellos, 331 se incorporaron al mismo y 1 mil 970 se promovieron de\nnivel.<\/p>\n\n\n\n<p>Este\nprograma tiene el prop\u00f3sito que, a trav\u00e9s de la capacitaci\u00f3n, reconocimiento y\nest\u00edmulo, el personal logre un mejor desempe\u00f1o en el ejercicio de sus\nfunciones, coadyuvando as\u00ed a la prestaci\u00f3n de un servicio educativo que se\ncaracterice por su calidad, oportunidad, inclusi\u00f3n y pertinencia, en beneficio\nde la ni\u00f1ez y juventud.<\/p>\n\n\n\n<p>Cabe\ndestacar que al inicio de la presente gesti\u00f3n, se encontr\u00f3 que desde 2014 no se\nhab\u00eda integrado o promovido personal en Carrera Administrativa, por lo que se\nrealizaron las acciones para reactivar, a partir de 2016, los procesos. <\/p>\n\n\n\n<p>En\ncinco a\u00f1os de gobierno, un total de 6 mil 706 trabajadores de apoyo y\nasistencia a la educaci\u00f3n se han beneficiado con este programa.<\/p>\n\n\n\n<p>De\n2017 a 2021 el n\u00famero de trabajadores que se incorporaron o promovieron de\nnivel es de 4 mil 138, esto significa un crecimiento de m\u00e1s del 160% respecto\ndel inicio de esta administraci\u00f3n gubernamental. <\/p>\n\n\n\n<p>En\n2016, s\u00f3lo 29.1% del personal era parte del programa; hoy, el 70% del personal\nde apoyo y asistencia a la educaci\u00f3n est\u00e1 incorporado a Carrera Administrativa.\n<\/p>\n\n\n\n<p>A\npartir de 2017, Hidalgo es la entidad que a nivel nacional ha incorporado m\u00e1s trabajadores\na este beneficio, lo cual, adem\u00e1s de ser un reconocimiento a su trabajo,\nrepercute en su salario mensual y prestaciones, como prima vacacional y\naguinaldo.<\/p>\n\n\n\n<p>Con\nello, se cumple con los derechos de los trabajadores en activo, se avanza en su\nproceso de profesionalizaci\u00f3n y se brinda la oportunidad de incrementar sus\npercepciones, de acuerdo con el nivel que alcancen dentro del programa.<\/p>\n","protected":false},"excerpt":{"rendered":"<p>E Con acciones como el programa de Carrera Administrativa, el gobierno que encabeza Omar Fayad reconoce a las y los trabajadores de la educaci\u00f3n como los principales aliados para cumplir con la exigencia social de forjar, en las instituciones educativas, generaciones capaces responder a las demandas de desarrollo y crecimiento de Hidalgo. Es as\u00ed que<\/p>\n","protected":false},"author":2,"featured_media":45521,"comment_status":"open","ping_status":"closed","sticky":false,"template":"","format":"standard","meta":{"footnotes":""},"categories":[10],"tags":[],"class_list":{"0":"post-45520","1":"post","2":"type-post","3":"status-publish","4":"format-standard","5":"has-post-thumbnail","7":"category-hidalgo"},"_links":{"self":[{"href":"https:\/\/elreporterohgo.com\/noticias\/wp-json\/wp\/v2\/posts\/45520","targetHints":{"allow":["GET"]}}],"collection":[{"href":"https:\/\/elreporterohgo.com\/noticias\/wp-json\/wp\/v2\/posts"}],"about":[{"href":"https:\/\/elreporterohgo.com\/noticias\/wp-json\/wp\/v2\/types\/post"}],"author":[{"embeddable":true,"href":"https:\/\/elreporterohgo.com\/noticias\/wp-json\/wp\/v2\/users\/2"}],"replies":[{"embeddable":true,"href":"https:\/\/elreporterohgo.com\/noticias\/wp-json\/wp\/v2\/comments?post=45520"}],"version-history":[{"count":1,"href":"https:\/\/elreporterohgo.com\/noticias\/wp-json\/wp\/v2\/posts\/45520\/revisions"}],"predecessor-version":[{"id":45522,"href":"https:\/\/elreporterohgo.com\/noticias\/wp-json\/wp\/v2\/posts\/45520\/revisions\/45522"}],"wp:featuredmedia":[{"embeddable":true,"href":"https:\/\/elreporterohgo.com\/noticias\/wp-json\/wp\/v2\/media\/45521"}],"wp:attachment":[{"href":"https:\/\/elreporterohgo.com\/noticias\/wp-json\/wp\/v2\/media?parent=45520"}],"wp:term":[{"taxonomy":"category","embeddable":true,"href":"https:\/\/elreporterohgo.com\/noticias\/wp-json\/wp\/v2\/categories?post=45520"},{"taxonomy":"post_tag","embeddable":true,"href":"https:\/\/elreporterohgo.com\/noticias\/wp-json\/wp\/v2\/tags?post=45520"}],"curies":[{"name":"wp","href":"https:\/\/api.w.org\/{rel}","templated":true}]}}