{"id":45487,"date":"2022-01-03T23:21:50","date_gmt":"2022-01-04T05:21:50","guid":{"rendered":"https:\/\/elreporterohgo.com\/noticias\/?p=45487"},"modified":"2022-01-03T23:21:51","modified_gmt":"2022-01-04T05:21:51","slug":"programa-de-intercambio-de-maestros-mexico-estados-unidos-2022","status":"publish","type":"post","link":"https:\/\/elreporterohgo.com\/noticias\/2022\/01\/03\/programa-de-intercambio-de-maestros-mexico-estados-unidos-2022\/","title":{"rendered":"Programa de Intercambio de Maestros M\u00e9xico &#8211; Estados Unidos 2022"},"content":{"rendered":"\n<figure class=\"wp-block-image\"><img fetchpriority=\"high\" decoding=\"async\" width=\"1024\" height=\"1024\" src=\"https::\/\/elreporterohgo.com\/noticias\/wp-content\/uploads\/2022\/01\/foto-boletin-seph-3-1024x1024.jpeg\" alt=\"\" class=\"wp-image-45488\" srcset=\"https:\/\/elreporterohgo.com\/noticias\/wp-content\/uploads\/2022\/01\/foto-boletin-seph-3-1024x1024.jpeg 1024w, https:\/\/elreporterohgo.com\/noticias\/wp-content\/uploads\/2022\/01\/foto-boletin-seph-3-150x150.jpeg 150w, https:\/\/elreporterohgo.com\/noticias\/wp-content\/uploads\/2022\/01\/foto-boletin-seph-3-300x300.jpeg 300w, https:\/\/elreporterohgo.com\/noticias\/wp-content\/uploads\/2022\/01\/foto-boletin-seph-3-768x768.jpeg 768w, https:\/\/elreporterohgo.com\/noticias\/wp-content\/uploads\/2022\/01\/foto-boletin-seph-3-160x160.jpeg 160w, https:\/\/elreporterohgo.com\/noticias\/wp-content\/uploads\/2022\/01\/foto-boletin-seph-3.jpeg 1280w\" sizes=\"(max-width: 1024px) 100vw, 1024px\" \/><\/figure>\n\n\n\n<p>La\nSecretar\u00eda de Educaci\u00f3n P\u00fablica de Hidalgo (SEPH), a trav\u00e9s de la Coordinaci\u00f3n\nEstatal del Programa Binacional de Educaci\u00f3n Migrante, convoca al personal docente\nque labore en escuelas p\u00fablicas del estado de Hidalgo a participar en el\nPrograma de Intercambio de Maestros M\u00e9xico &#8211; Estados Unidos 2022.<\/p>\n\n\n\n<p>Entre\nlas principales acciones a realizar, se encuentra: contribuir al\nfortalecimiento de la historia, la cultura, los valores, las tradiciones\nnacionales y el conocimiento escolar en las y los alumnos mexicanos y de origen\nmexicano que radican en los Estados Unidos, para fortalecer la identidad\nnacional y mejorar la calidad de su educaci\u00f3n de sus procesos formativos.<\/p>\n\n\n\n<p>Asimismo,\nse busca propiciar una comunicaci\u00f3n permanente entre las y los maestros de la\nUni\u00f3n Americana y de M\u00e9xico, con el objetivo de compartir experiencias en el\nquehacer educativo que conduzcan a una mejora de los procesos de ense\u00f1anza\u2013aprendizaje\nen educaci\u00f3n b\u00e1sica.&nbsp; Tambi\u00e9n se pretende\nfortalecer la ense\u00f1anza de las matem\u00e1ticas, lectura y escritura, ciencias, la\nhistoria y de otras \u00e1reas que permitan la formaci\u00f3n integral de las y los\nestudiantes.<\/p>\n\n\n\n<p>Para\npoder participar, las maestras y maestros deben ser de nacionalidad mexicana,\ntener pasaporte vigente al 31 de diciembre del 2022 y no tener antecedentes\npenales en M\u00e9xico ni en los Estados Unidos. Contar con t\u00edtulo y c\u00e9dula\nprofesional de Licenciatura en Educaci\u00f3n Preescolar, Primaria, Secundaria,\nMedia Superior, Ind\u00edgena, Especial o \u00e1rea pedag\u00f3gica de una Escuela Normal,\nEscuela Normal Superior, Universidad Pedag\u00f3gica Nacional o equivalente en otra\nInstituci\u00f3n de Educaci\u00f3n Superior en el Sistema Educativo Nacional. Ejercer la\ndocencia en educaci\u00f3n: preescolar, primaria, secundaria, ind\u00edgena, especial y\/o\ndocentes del \u201cPrograma Nacional de Ingl\u00e9s\u201d, entre otros requisitos. <\/p>\n\n\n\n<p>Quienes\nparticipen, intercambiar\u00e1n experiencias t\u00e9cnico-pedag\u00f3gicas y metodol\u00f3gicas en\nescuelas de niveles de educaci\u00f3n preescolar, primaria, secundaria y\/o\nbachillerato con las autoridades educativas solicitantes de las y los docentes.<\/p>\n\n\n\n<p>En\nlas aulas, atender\u00e1n en coordinaci\u00f3n y con la supervisi\u00f3n del personal docente\ntitular de grupo, a ni\u00f1as, ni\u00f1os y j\u00f3venes mexicanos y de origen mexicano, as\u00ed\ncomo hispanos y de otras nacionalidades, respetando los principios de la\neducaci\u00f3n inclusiva a partir del trabajo en contextos multiculturales.<\/p>\n\n\n\n<p>Las y los interesados podr\u00e1n consultar\nla convocatoria en la p\u00e1gina de la SEPH <a href=\"about:blank\"><strong>sep.hidalgo.gob.mx<\/strong><\/a>, quienes cumplan con los requisitos deber\u00e1n enviar un\ncorreo electr\u00f3nico a probemhgo@hotmail.com o llamar al tel\u00e9fono (771) 299 5369\npara mayor informaci\u00f3n. La Convocatoria se cierra el d\u00eda viernes 21 de enero de\n2022.<strong><\/strong><\/p>\n","protected":false},"excerpt":{"rendered":"<p>La Secretar\u00eda de Educaci\u00f3n P\u00fablica de Hidalgo (SEPH), a trav\u00e9s de la Coordinaci\u00f3n Estatal del Programa Binacional de Educaci\u00f3n Migrante, convoca al personal docente que labore en escuelas p\u00fablicas del estado de Hidalgo a participar en el Programa de Intercambio de Maestros M\u00e9xico &#8211; Estados Unidos 2022. Entre las principales acciones a realizar, se encuentra:<\/p>\n","protected":false},"author":2,"featured_media":45488,"comment_status":"open","ping_status":"closed","sticky":false,"template":"","format":"standard","meta":{"footnotes":""},"categories":[10],"tags":[],"class_list":{"0":"post-45487","1":"post","2":"type-post","3":"status-publish","4":"format-standard","5":"has-post-thumbnail","7":"category-hidalgo"},"_links":{"self":[{"href":"https:\/\/elreporterohgo.com\/noticias\/wp-json\/wp\/v2\/posts\/45487","targetHints":{"allow":["GET"]}}],"collection":[{"href":"https:\/\/elreporterohgo.com\/noticias\/wp-json\/wp\/v2\/posts"}],"about":[{"href":"https:\/\/elreporterohgo.com\/noticias\/wp-json\/wp\/v2\/types\/post"}],"author":[{"embeddable":true,"href":"https:\/\/elreporterohgo.com\/noticias\/wp-json\/wp\/v2\/users\/2"}],"replies":[{"embeddable":true,"href":"https:\/\/elreporterohgo.com\/noticias\/wp-json\/wp\/v2\/comments?post=45487"}],"version-history":[{"count":1,"href":"https:\/\/elreporterohgo.com\/noticias\/wp-json\/wp\/v2\/posts\/45487\/revisions"}],"predecessor-version":[{"id":45489,"href":"https:\/\/elreporterohgo.com\/noticias\/wp-json\/wp\/v2\/posts\/45487\/revisions\/45489"}],"wp:featuredmedia":[{"embeddable":true,"href":"https:\/\/elreporterohgo.com\/noticias\/wp-json\/wp\/v2\/media\/45488"}],"wp:attachment":[{"href":"https:\/\/elreporterohgo.com\/noticias\/wp-json\/wp\/v2\/media?parent=45487"}],"wp:term":[{"taxonomy":"category","embeddable":true,"href":"https:\/\/elreporterohgo.com\/noticias\/wp-json\/wp\/v2\/categories?post=45487"},{"taxonomy":"post_tag","embeddable":true,"href":"https:\/\/elreporterohgo.com\/noticias\/wp-json\/wp\/v2\/tags?post=45487"}],"curies":[{"name":"wp","href":"https:\/\/api.w.org\/{rel}","templated":true}]}}