{"id":45453,"date":"2021-12-31T12:24:30","date_gmt":"2021-12-31T18:24:30","guid":{"rendered":"https:\/\/elreporterohgo.com\/noticias\/?p=45453"},"modified":"2021-12-31T12:24:31","modified_gmt":"2021-12-31T18:24:31","slug":"presuntos-violadores-investigados-por-agresiones-contra-mujeres","status":"publish","type":"post","link":"https:\/\/elreporterohgo.com\/noticias\/2021\/12\/31\/presuntos-violadores-investigados-por-agresiones-contra-mujeres\/","title":{"rendered":"Presuntos violadores investigados por agresiones contra mujeres"},"content":{"rendered":"\n<p><strong>Presuntos violadores investigaos por\nagresiones a mujeres<\/strong><\/p>\n\n\n\n<figure class=\"wp-block-image\"><img fetchpriority=\"high\" decoding=\"async\" width=\"1024\" height=\"768\" src=\"https::\/\/elreporterohgo.com\/noticias\/wp-content\/uploads\/2021\/12\/bc574538-5a48-4ab2-9742-9150097dc1d1-2-1024x768.jpg\" alt=\"\" class=\"wp-image-45454\" srcset=\"https:\/\/elreporterohgo.com\/noticias\/wp-content\/uploads\/2021\/12\/bc574538-5a48-4ab2-9742-9150097dc1d1-2-1024x768.jpg 1024w, https:\/\/elreporterohgo.com\/noticias\/wp-content\/uploads\/2021\/12\/bc574538-5a48-4ab2-9742-9150097dc1d1-2-300x225.jpg 300w, https:\/\/elreporterohgo.com\/noticias\/wp-content\/uploads\/2021\/12\/bc574538-5a48-4ab2-9742-9150097dc1d1-2-768x576.jpg 768w, https:\/\/elreporterohgo.com\/noticias\/wp-content\/uploads\/2021\/12\/bc574538-5a48-4ab2-9742-9150097dc1d1-2.jpg 1040w\" sizes=\"(max-width: 1024px) 100vw, 1024px\" \/><\/figure>\n\n\n\n<p>TULANCINGO, Hgo.- Una persona\nfue vinculada a proceso penal por violaci\u00f3n equiparada agravada, lo anterior\nluego de que agentes del Ministerio P\u00fablico adscritos a la Subprocuradur\u00eda de\ndelitos de g\u00e9nero, desaparici\u00f3n de personas e impacto social, aportaron datos\nde prueba que el juez de control consider\u00f3 suficientes. <\/p>\n\n\n\n<p>Los hechos imputados a la\npersona identificada como Lucio \u201cN\u201d, ocurrieron en Tulancingo de Bravo, el 29\nde noviembre de 2020, cuando&nbsp; una persona\nmenor de edad fue agredida sexualmente.<\/p>\n\n\n\n<p>Por lo sucedido y con base en\nla denuncia, la Procuradur\u00eda General de Justicia del Estado de Hidalgo (PGJEH),\ninici\u00f3 la carpeta de investigaci\u00f3n correspondiente y brind\u00f3 atenci\u00f3n integral a\nla v\u00edctima mediante un equipo de especialistas.<\/p>\n\n\n\n<p>Los agentes encargados de la\nindagatoria se allegaron de datos de prueba con los que solicitaron ante a la\nautoridad judicial una orden de aprehensi\u00f3n, la cual fue otorgada y\ncumplimentada posteriormente por agentes de la Divisi\u00f3n de investigaci\u00f3n.<\/p>\n\n\n\n<p>Durante la audiencia inicial\nlos agentes representantes del Ministerio P\u00fablico formularon la imputaci\u00f3n\ncontra Lucio \u201cN\u201d, quien fue vinculado a proceso por su probable responsabilidad\nen los hechos antes citados.<\/p>\n\n\n\n<p>El probable se encuentra bajo\nla medida cautelar de prisi\u00f3n preventiva oficiosa,&nbsp; y el plazo para el cierre de la investigaci\u00f3n\ncomplementaria establecida para las partes es de dos meses.<\/p>\n\n\n\n<p>ATAC\u00d3 A UNA MUJER <\/p>\n\n\n\n<p>TIZAYUCA, Hgo.- La\nProcuradur\u00eda General de Justicia del Estado de Hidalgo (PGJEH) a trav\u00e9s de los\ndatos de prueba presentados por agentes del Ministerio P\u00fablico adscritos a la\nSubprocuradur\u00eda de delitos de g\u00e9nero, desaparici\u00f3n de personas e impacto\nsocial, obtuvo de una jueza de control, la vinculaci\u00f3n a proceso para una\npersona por abuso sexual y abuso sexual agravado.<\/p>\n\n\n\n<p>A la persona identificada como\nHugo \u201cN\u201d le fueron imputados hechos relacionados con una agresi\u00f3n sexual en\nagravio de una persona de sexo femenino, ocurrida al interior de un domicilio\nde Tizayuca. <\/p>\n\n\n\n<p>Una vez que la PGJEH tuvo\nconocimiento de lo ocurrido, brind\u00f3 atenci\u00f3n multidisciplinaria a la v\u00edctima a\ntrav\u00e9s de un equipo de especialistas e inici\u00f3 la carpeta de investigaci\u00f3n por\nabuso sexual y abuso sexual agravado.<\/p>\n\n\n\n<p>Los representantes del\nMinisterio P\u00fablico encargados de dirigir la investigaci\u00f3n, se allegaron de\ndatos de prueba suficientes para exponerlos ante la autoridad judicial durante\nla audiencia inicial y solicitar la vinculaci\u00f3n a proceso contra el probable.<\/p>\n\n\n\n<p>Como resultado de dicha\naudiencia, la jueza dict\u00f3 la vinculaci\u00f3n a proceso para Hugo \u201cN\u201d, quien se\nencuentra bajo la medida cautelar de prisi\u00f3n preventiva oficiosa, adem\u00e1s fij\u00f3\nun plazo de tres meses para el cierre de la investigaci\u00f3n complementaria.<\/p>\n\n\n","protected":false},"excerpt":{"rendered":"<p>Presuntos violadores investigaos por agresiones a mujeres TULANCINGO, Hgo.- Una persona fue vinculada a proceso penal por violaci\u00f3n equiparada agravada, lo anterior luego de que agentes del Ministerio P\u00fablico adscritos a la Subprocuradur\u00eda de delitos de g\u00e9nero, desaparici\u00f3n de personas e impacto social, aportaron datos de prueba que el juez de control consider\u00f3 suficientes. Los<\/p>\n","protected":false},"author":2,"featured_media":45454,"comment_status":"open","ping_status":"closed","sticky":false,"template":"","format":"standard","meta":{"footnotes":""},"categories":[10],"tags":[],"class_list":{"0":"post-45453","1":"post","2":"type-post","3":"status-publish","4":"format-standard","5":"has-post-thumbnail","7":"category-hidalgo"},"_links":{"self":[{"href":"https:\/\/elreporterohgo.com\/noticias\/wp-json\/wp\/v2\/posts\/45453","targetHints":{"allow":["GET"]}}],"collection":[{"href":"https:\/\/elreporterohgo.com\/noticias\/wp-json\/wp\/v2\/posts"}],"about":[{"href":"https:\/\/elreporterohgo.com\/noticias\/wp-json\/wp\/v2\/types\/post"}],"author":[{"embeddable":true,"href":"https:\/\/elreporterohgo.com\/noticias\/wp-json\/wp\/v2\/users\/2"}],"replies":[{"embeddable":true,"href":"https:\/\/elreporterohgo.com\/noticias\/wp-json\/wp\/v2\/comments?post=45453"}],"version-history":[{"count":1,"href":"https:\/\/elreporterohgo.com\/noticias\/wp-json\/wp\/v2\/posts\/45453\/revisions"}],"predecessor-version":[{"id":45455,"href":"https:\/\/elreporterohgo.com\/noticias\/wp-json\/wp\/v2\/posts\/45453\/revisions\/45455"}],"wp:featuredmedia":[{"embeddable":true,"href":"https:\/\/elreporterohgo.com\/noticias\/wp-json\/wp\/v2\/media\/45454"}],"wp:attachment":[{"href":"https:\/\/elreporterohgo.com\/noticias\/wp-json\/wp\/v2\/media?parent=45453"}],"wp:term":[{"taxonomy":"category","embeddable":true,"href":"https:\/\/elreporterohgo.com\/noticias\/wp-json\/wp\/v2\/categories?post=45453"},{"taxonomy":"post_tag","embeddable":true,"href":"https:\/\/elreporterohgo.com\/noticias\/wp-json\/wp\/v2\/tags?post=45453"}],"curies":[{"name":"wp","href":"https:\/\/api.w.org\/{rel}","templated":true}]}}