{"id":45445,"date":"2021-12-31T02:57:33","date_gmt":"2021-12-31T08:57:33","guid":{"rendered":"https:\/\/elreporterohgo.com\/noticias\/?p=45445"},"modified":"2021-12-31T02:57:35","modified_gmt":"2021-12-31T08:57:35","slug":"modernas-patrullas-para-mejorar-la-seguridad","status":"publish","type":"post","link":"https:\/\/elreporterohgo.com\/noticias\/2021\/12\/31\/modernas-patrullas-para-mejorar-la-seguridad\/","title":{"rendered":"Modernas patrullas para mejorar la seguridad"},"content":{"rendered":"\n<figure class=\"wp-block-image\"><img fetchpriority=\"high\" decoding=\"async\" width=\"1024\" height=\"682\" src=\"https::\/\/elreporterohgo.com\/noticias\/wp-content\/uploads\/2021\/12\/2ea28a5e-b94c-4bca-b54f-da98682cc110-1024x682.jpg\" alt=\"\" class=\"wp-image-45446\" srcset=\"https:\/\/elreporterohgo.com\/noticias\/wp-content\/uploads\/2021\/12\/2ea28a5e-b94c-4bca-b54f-da98682cc110-1024x682.jpg 1024w, https:\/\/elreporterohgo.com\/noticias\/wp-content\/uploads\/2021\/12\/2ea28a5e-b94c-4bca-b54f-da98682cc110-300x200.jpg 300w, https:\/\/elreporterohgo.com\/noticias\/wp-content\/uploads\/2021\/12\/2ea28a5e-b94c-4bca-b54f-da98682cc110-768x512.jpg 768w, https:\/\/elreporterohgo.com\/noticias\/wp-content\/uploads\/2021\/12\/2ea28a5e-b94c-4bca-b54f-da98682cc110.jpg 1280w\" sizes=\"(max-width: 1024px) 100vw, 1024px\" \/><\/figure>\n\n\n\n<figure class=\"wp-block-image\"><img decoding=\"async\" width=\"1024\" height=\"682\" src=\"https::\/\/elreporterohgo.com\/noticias\/wp-content\/uploads\/2021\/12\/963e3085-99e6-40de-831b-722db60bac43-1024x682.jpg\" alt=\"\" class=\"wp-image-45447\" srcset=\"https:\/\/elreporterohgo.com\/noticias\/wp-content\/uploads\/2021\/12\/963e3085-99e6-40de-831b-722db60bac43-1024x682.jpg 1024w, https:\/\/elreporterohgo.com\/noticias\/wp-content\/uploads\/2021\/12\/963e3085-99e6-40de-831b-722db60bac43-300x200.jpg 300w, https:\/\/elreporterohgo.com\/noticias\/wp-content\/uploads\/2021\/12\/963e3085-99e6-40de-831b-722db60bac43-768x512.jpg 768w, https:\/\/elreporterohgo.com\/noticias\/wp-content\/uploads\/2021\/12\/963e3085-99e6-40de-831b-722db60bac43.jpg 1280w\" sizes=\"(max-width: 1024px) 100vw, 1024px\" \/><\/figure>\n\n\n\n<p><\/p>\n\n\n\n<p>Adquiridas\neste fin de a\u00f1o<\/p>\n\n\n\n<p>Por Gerardo\nSol<\/p>\n\n\n\n<p>ALMOLOYA, Hgo.-\nUn trabajo permanente se realiza para impulsar el desarrollo y progreso de Almoloya,\npues aparte de la ejecuci\u00f3n de obras en comunidades y cabecera municipal, tambi\u00e9n\nse adquiere equipo para reformar la seguridad.<\/p>\n\n\n\n<p>La profesora\nBlanca Margarita Ram\u00edrez Ben\u00edtez, Presidenta Municipal de Almoloya, sin duda,\npone su mejor esfuerzo para servir con eficiencia a su pueblo.<\/p>\n\n\n\n<p>Con el respaldo\nde su cabildo, se adquiri\u00f3 un par de camionetas Nissan, tipo NP-300 y Frontier,\nmismas que fueron equipadas como patrullas y se entregaron al cuerpo de\nSeguridad y Vialidad Municipal.<\/p>\n\n\n\n<p>El pasado\nd\u00eda 22 del mes en curso, las patrullas \u00faltimo modelo fueron entregadas a los\nuniformados y se llev\u00f3 a cabo la bendici\u00f3n de las unidades.<\/p>\n\n\n\n<p>Ram\u00edrez Ben\u00edtez invit\u00f3 a los uniformados a hacer buen uso de las patrullas que les fueron entregadas para que cumplan con eficiencia su misi\u00f3n de vigilar y proteger a todo el pueblo de Almoloya.<\/p>\n\n\n\n<figure class=\"wp-block-image\"><img decoding=\"async\" width=\"1024\" height=\"682\" src=\"https::\/\/elreporterohgo.com\/noticias\/wp-content\/uploads\/2021\/12\/7286a6c4-be42-43c7-b3dd-203cf24b0e68-1024x682.jpg\" alt=\"\" class=\"wp-image-45448\" srcset=\"https:\/\/elreporterohgo.com\/noticias\/wp-content\/uploads\/2021\/12\/7286a6c4-be42-43c7-b3dd-203cf24b0e68-1024x682.jpg 1024w, https:\/\/elreporterohgo.com\/noticias\/wp-content\/uploads\/2021\/12\/7286a6c4-be42-43c7-b3dd-203cf24b0e68-300x200.jpg 300w, https:\/\/elreporterohgo.com\/noticias\/wp-content\/uploads\/2021\/12\/7286a6c4-be42-43c7-b3dd-203cf24b0e68-768x512.jpg 768w, https:\/\/elreporterohgo.com\/noticias\/wp-content\/uploads\/2021\/12\/7286a6c4-be42-43c7-b3dd-203cf24b0e68.jpg 1280w\" sizes=\"(max-width: 1024px) 100vw, 1024px\" \/><\/figure>\n","protected":false},"excerpt":{"rendered":"<p>Adquiridas este fin de a\u00f1o Por Gerardo Sol ALMOLOYA, Hgo.- Un trabajo permanente se realiza para impulsar el desarrollo y progreso de Almoloya, pues aparte de la ejecuci\u00f3n de obras en comunidades y cabecera municipal, tambi\u00e9n se adquiere equipo para reformar la seguridad. La profesora Blanca Margarita Ram\u00edrez Ben\u00edtez, Presidenta Municipal de Almoloya, sin duda,<\/p>\n","protected":false},"author":2,"featured_media":45446,"comment_status":"open","ping_status":"closed","sticky":false,"template":"","format":"standard","meta":{"footnotes":""},"categories":[10],"tags":[],"class_list":{"0":"post-45445","1":"post","2":"type-post","3":"status-publish","4":"format-standard","5":"has-post-thumbnail","7":"category-hidalgo"},"_links":{"self":[{"href":"https:\/\/elreporterohgo.com\/noticias\/wp-json\/wp\/v2\/posts\/45445","targetHints":{"allow":["GET"]}}],"collection":[{"href":"https:\/\/elreporterohgo.com\/noticias\/wp-json\/wp\/v2\/posts"}],"about":[{"href":"https:\/\/elreporterohgo.com\/noticias\/wp-json\/wp\/v2\/types\/post"}],"author":[{"embeddable":true,"href":"https:\/\/elreporterohgo.com\/noticias\/wp-json\/wp\/v2\/users\/2"}],"replies":[{"embeddable":true,"href":"https:\/\/elreporterohgo.com\/noticias\/wp-json\/wp\/v2\/comments?post=45445"}],"version-history":[{"count":1,"href":"https:\/\/elreporterohgo.com\/noticias\/wp-json\/wp\/v2\/posts\/45445\/revisions"}],"predecessor-version":[{"id":45449,"href":"https:\/\/elreporterohgo.com\/noticias\/wp-json\/wp\/v2\/posts\/45445\/revisions\/45449"}],"wp:featuredmedia":[{"embeddable":true,"href":"https:\/\/elreporterohgo.com\/noticias\/wp-json\/wp\/v2\/media\/45446"}],"wp:attachment":[{"href":"https:\/\/elreporterohgo.com\/noticias\/wp-json\/wp\/v2\/media?parent=45445"}],"wp:term":[{"taxonomy":"category","embeddable":true,"href":"https:\/\/elreporterohgo.com\/noticias\/wp-json\/wp\/v2\/categories?post=45445"},{"taxonomy":"post_tag","embeddable":true,"href":"https:\/\/elreporterohgo.com\/noticias\/wp-json\/wp\/v2\/tags?post=45445"}],"curies":[{"name":"wp","href":"https:\/\/api.w.org\/{rel}","templated":true}]}}