{"id":45434,"date":"2021-12-31T02:09:02","date_gmt":"2021-12-31T08:09:02","guid":{"rendered":"https:\/\/elreporterohgo.com\/noticias\/?p=45434"},"modified":"2021-12-31T02:09:03","modified_gmt":"2021-12-31T08:09:03","slug":"acciones-para-evitar-nuevas-inundaciones-en-tula","status":"publish","type":"post","link":"https:\/\/elreporterohgo.com\/noticias\/2021\/12\/31\/acciones-para-evitar-nuevas-inundaciones-en-tula\/","title":{"rendered":"Acciones para evitar nuevas inundaciones en Tula"},"content":{"rendered":"\n<figure class=\"wp-block-image\"><img fetchpriority=\"high\" decoding=\"async\" width=\"1024\" height=\"682\" src=\"https::\/\/elreporterohgo.com\/noticias\/wp-content\/uploads\/2021\/12\/unnamed-2021-12-31T020704.238-1024x682.jpg\" alt=\"\" class=\"wp-image-45435\" srcset=\"https:\/\/elreporterohgo.com\/noticias\/wp-content\/uploads\/2021\/12\/unnamed-2021-12-31T020704.238-1024x682.jpg 1024w, https:\/\/elreporterohgo.com\/noticias\/wp-content\/uploads\/2021\/12\/unnamed-2021-12-31T020704.238-300x200.jpg 300w, https:\/\/elreporterohgo.com\/noticias\/wp-content\/uploads\/2021\/12\/unnamed-2021-12-31T020704.238-768x512.jpg 768w, https:\/\/elreporterohgo.com\/noticias\/wp-content\/uploads\/2021\/12\/unnamed-2021-12-31T020704.238.jpg 1280w\" sizes=\"(max-width: 1024px) 100vw, 1024px\" \/><\/figure>\n\n\n\n<ul class=\"wp-block-list\"><li>Necesaria, la coordinaci\u00f3n\nentre los tres \u00f3rdenes de gobierno para evitar la ocurrencia de nuevos eventos\ncatastr\u00f3ficos.<\/li><\/ul>\n\n\n\n<p>El director general de la Comisi\u00f3n Nacional del Agua (Conagua), Germ\u00e1n\nArturo Mart\u00ednez Santoyo, particip\u00f3 el d\u00eda de hoy en una reuni\u00f3n y un recorrido\nde trabajo con autoridades de los gobiernos de Hidalgo, de la Ciudad de M\u00e9xico\ny del Estado de M\u00e9xico, as\u00ed como de la presidencia de Tula para presentarles\nuna serie de acciones previstas para evitar nuevas inundaciones en dicho\nmunicipio hidalguense.<\/p>\n\n\n\n<p>En la reuni\u00f3n, estuvieron presentes el secretario de Gobierno del Estado de\nHidalgo, Sim\u00f3n Vargas Aguilar; la secretaria de Medio Ambiente de la Ciudad de\nM\u00e9xico, Marina Robles Garc\u00eda; el director general de Infraestructura Hidr\u00e1ulica\nde la Comisi\u00f3n del Agua del Estado de M\u00e9xico, Lenin Adcel Ram\u00edrez Villanueva, y\nel presidente municipal de Tula de Allende, Manuel Hern\u00e1ndez Badillo, entre\notros funcionarios.<\/p>\n\n\n\n<p>En el encuentro, la Conagua explic\u00f3 que para atender la problem\u00e1tica\npresentada en el r\u00edo Tula, la Conagua tiene contemplado implementar acciones a\ncorto y mediano plazo, en colaboraci\u00f3n con la Secretar\u00eda de Marina (Semar), los\ngobiernos de las tres entidades y del municipio de Tula. <\/p>\n\n\n\n<p>El objetivo es concretar \u2014a m\u00e1s tardar en junio de 2022\u2014 un plan de obras\nque den certidumbre a la seguridad de las personas y su patrimonio, previo al\ninicio de la temporada de lluvias.<\/p>\n\n\n\n<p>Se inform\u00f3 que la Semar y la Conagua trabajan ya en la primera fase de las\nobras de desazolve y ampliaci\u00f3n del r\u00edo Tula, labores que ser\u00e1n continuadas en\nuna segunda etapa durante 2022. Asimismo, en enero del mismo a\u00f1o iniciar\u00e1n\notras obras del plan h\u00eddrico, que ser\u00e1n coordinadas por la Comisi\u00f3n Nacional\ndel Agua.<\/p>\n\n\n\n<p>Dicho plan considera, entre otras, acciones de desazolve y ampliaci\u00f3n del\nr\u00edo Tula, trabajos de adecuaci\u00f3n en diferentes puentes, rectificaci\u00f3n del r\u00edo,\nconstrucciones de bordos y actualizaci\u00f3n de protocolos de operaci\u00f3n conjunta en\ntemporadas de lluvias.<\/p>\n\n\n\n<p>Adicionalmente, los gobiernos de Hidalgo y de Tula de Allende desarrollar\u00e1n\ntrabajos t\u00e9cnicos y de gesti\u00f3n social que permitan avanzar en el retiro de las\nobras y vegetaci\u00f3n \u2014para la cual se evaluar\u00e1n alternativas de trasplante y no\ns\u00f3lo de tala\u2014 que se encuentra en el cauce federal. <\/p>\n\n\n\n<p>Se inform\u00f3 tambi\u00e9n que las inundaciones de septiembre pasado se debieron a\nun evento fortuito generado por la acumulaci\u00f3n extraordinaria de lluvias como\nno hab\u00eda ocurrido en al menos 50 a\u00f1os.<\/p>\n\n\n\n<p>Por su parte, el secretario de Gobierno del Estado de Hidalgo se\ncomprometi\u00f3 a trabajar con la autoridad federal para desarrollar un trabajo\nsocial y pol\u00edtico con quienes se han asentado en el cauce del r\u00edo.<\/p>\n\n\n","protected":false},"excerpt":{"rendered":"<p>Necesaria, la coordinaci\u00f3n entre los tres \u00f3rdenes de gobierno para evitar la ocurrencia de nuevos eventos catastr\u00f3ficos. El director general de la Comisi\u00f3n Nacional del Agua (Conagua), Germ\u00e1n Arturo Mart\u00ednez Santoyo, particip\u00f3 el d\u00eda de hoy en una reuni\u00f3n y un recorrido de trabajo con autoridades de los gobiernos de Hidalgo, de la Ciudad de<\/p>\n","protected":false},"author":2,"featured_media":45435,"comment_status":"open","ping_status":"closed","sticky":false,"template":"","format":"standard","meta":{"footnotes":""},"categories":[10],"tags":[],"class_list":{"0":"post-45434","1":"post","2":"type-post","3":"status-publish","4":"format-standard","5":"has-post-thumbnail","7":"category-hidalgo"},"_links":{"self":[{"href":"https:\/\/elreporterohgo.com\/noticias\/wp-json\/wp\/v2\/posts\/45434","targetHints":{"allow":["GET"]}}],"collection":[{"href":"https:\/\/elreporterohgo.com\/noticias\/wp-json\/wp\/v2\/posts"}],"about":[{"href":"https:\/\/elreporterohgo.com\/noticias\/wp-json\/wp\/v2\/types\/post"}],"author":[{"embeddable":true,"href":"https:\/\/elreporterohgo.com\/noticias\/wp-json\/wp\/v2\/users\/2"}],"replies":[{"embeddable":true,"href":"https:\/\/elreporterohgo.com\/noticias\/wp-json\/wp\/v2\/comments?post=45434"}],"version-history":[{"count":1,"href":"https:\/\/elreporterohgo.com\/noticias\/wp-json\/wp\/v2\/posts\/45434\/revisions"}],"predecessor-version":[{"id":45436,"href":"https:\/\/elreporterohgo.com\/noticias\/wp-json\/wp\/v2\/posts\/45434\/revisions\/45436"}],"wp:featuredmedia":[{"embeddable":true,"href":"https:\/\/elreporterohgo.com\/noticias\/wp-json\/wp\/v2\/media\/45435"}],"wp:attachment":[{"href":"https:\/\/elreporterohgo.com\/noticias\/wp-json\/wp\/v2\/media?parent=45434"}],"wp:term":[{"taxonomy":"category","embeddable":true,"href":"https:\/\/elreporterohgo.com\/noticias\/wp-json\/wp\/v2\/categories?post=45434"},{"taxonomy":"post_tag","embeddable":true,"href":"https:\/\/elreporterohgo.com\/noticias\/wp-json\/wp\/v2\/tags?post=45434"}],"curies":[{"name":"wp","href":"https:\/\/api.w.org\/{rel}","templated":true}]}}