{"id":45397,"date":"2021-12-29T12:11:26","date_gmt":"2021-12-29T18:11:26","guid":{"rendered":"https:\/\/elreporterohgo.com\/noticias\/?p=45397"},"modified":"2021-12-29T12:11:27","modified_gmt":"2021-12-29T18:11:27","slug":"quemaron-el-arbol-de-navidad","status":"publish","type":"post","link":"https:\/\/elreporterohgo.com\/noticias\/2021\/12\/29\/quemaron-el-arbol-de-navidad\/","title":{"rendered":"Quemaron el \u00e1rbol de Navidad"},"content":{"rendered":"\n<figure class=\"wp-block-image\"><img fetchpriority=\"high\" decoding=\"async\" width=\"278\" height=\"300\" src=\"https::\/\/elreporterohgo.com\/noticias\/wp-content\/uploads\/2021\/12\/a5cc872f-9ecd-4043-8486-964a81cc5a77-3.jpg\" alt=\"\" class=\"wp-image-45398\"\/><\/figure>\n\n\n\n<p>D\u00f3nde estaba\nla Polic\u00eda Municipal<\/p>\n\n\n\n<p>Atotonilco\nel Grande, Hgo.- Esta madrigada se incendi\u00f3 el \u00e1rbol de navidad instalado en la\nplaza Principal de Atotonilco el Grande, unos refieren que pudo ser por un corto\ncircuito y otros indican que lo quemaron en forma intencional.<\/p>\n\n\n\n<p>El reporte\nestablece: \u201cEsta madrugada se quem\u00f3 el \u00e1rbol navide\u00f1o de Atotonilco el Grande\u201d.<\/p>\n\n\n\n<p>Se especul\u00f3\nque el siniestro pudo ser provocado por manos an\u00f3nimas, quiz\u00e1 uno de los adversarios\npol\u00edticos del alcalde que apoyaron para llevarlo al cargo y ahora se sienten\ntraicionados.<\/p>\n\n\n\n<p>La radiaci\u00f3n\ndel fuego afect\u00f3 un autom\u00f3vil estacionado cerca del lugar. Bomberos del\nmunicipio sofocaron las llamas que afectaron en su totalidad el \u00e1rbol &nbsp;y adornos alusivos a la navidad.<\/p>\n\n\n\n<p>Respecto al\norigen del siniestro existen muchas interrogantes, la primera donde estaban los\ngendarmes de Seguridad Municipal, la segunda para que sirven las c\u00e1maras de\nvideovigilancia.<\/p>\n","protected":false},"excerpt":{"rendered":"<p>D\u00f3nde estaba la Polic\u00eda Municipal Atotonilco el Grande, Hgo.- Esta madrigada se incendi\u00f3 el \u00e1rbol de navidad instalado en la plaza Principal de Atotonilco el Grande, unos refieren que pudo ser por un corto circuito y otros indican que lo quemaron en forma intencional. El reporte establece: \u201cEsta madrugada se quem\u00f3 el \u00e1rbol navide\u00f1o de<\/p>\n","protected":false},"author":2,"featured_media":45398,"comment_status":"open","ping_status":"closed","sticky":false,"template":"","format":"standard","meta":{"footnotes":""},"categories":[10],"tags":[],"class_list":{"0":"post-45397","1":"post","2":"type-post","3":"status-publish","4":"format-standard","5":"has-post-thumbnail","7":"category-hidalgo"},"_links":{"self":[{"href":"https:\/\/elreporterohgo.com\/noticias\/wp-json\/wp\/v2\/posts\/45397","targetHints":{"allow":["GET"]}}],"collection":[{"href":"https:\/\/elreporterohgo.com\/noticias\/wp-json\/wp\/v2\/posts"}],"about":[{"href":"https:\/\/elreporterohgo.com\/noticias\/wp-json\/wp\/v2\/types\/post"}],"author":[{"embeddable":true,"href":"https:\/\/elreporterohgo.com\/noticias\/wp-json\/wp\/v2\/users\/2"}],"replies":[{"embeddable":true,"href":"https:\/\/elreporterohgo.com\/noticias\/wp-json\/wp\/v2\/comments?post=45397"}],"version-history":[{"count":1,"href":"https:\/\/elreporterohgo.com\/noticias\/wp-json\/wp\/v2\/posts\/45397\/revisions"}],"predecessor-version":[{"id":45399,"href":"https:\/\/elreporterohgo.com\/noticias\/wp-json\/wp\/v2\/posts\/45397\/revisions\/45399"}],"wp:featuredmedia":[{"embeddable":true,"href":"https:\/\/elreporterohgo.com\/noticias\/wp-json\/wp\/v2\/media\/45398"}],"wp:attachment":[{"href":"https:\/\/elreporterohgo.com\/noticias\/wp-json\/wp\/v2\/media?parent=45397"}],"wp:term":[{"taxonomy":"category","embeddable":true,"href":"https:\/\/elreporterohgo.com\/noticias\/wp-json\/wp\/v2\/categories?post=45397"},{"taxonomy":"post_tag","embeddable":true,"href":"https:\/\/elreporterohgo.com\/noticias\/wp-json\/wp\/v2\/tags?post=45397"}],"curies":[{"name":"wp","href":"https:\/\/api.w.org\/{rel}","templated":true}]}}