{"id":45373,"date":"2021-12-27T14:30:21","date_gmt":"2021-12-27T20:30:21","guid":{"rendered":"https:\/\/elreporterohgo.com\/noticias\/?p=45373"},"modified":"2021-12-27T14:30:22","modified_gmt":"2021-12-27T20:30:22","slug":"tres-muertos-en-choque-por-alcance","status":"publish","type":"post","link":"https:\/\/elreporterohgo.com\/noticias\/2021\/12\/27\/tres-muertos-en-choque-por-alcance\/","title":{"rendered":"Tres muertos en choque por alcance"},"content":{"rendered":"\n<figure class=\"wp-block-image\"><img fetchpriority=\"high\" decoding=\"async\" width=\"720\" height=\"960\" src=\"https::\/\/elreporterohgo.com\/noticias\/wp-content\/uploads\/2021\/12\/0661ce38-9280-4629-a517-d146acee50d0.jpg\" alt=\"\" class=\"wp-image-45374\" srcset=\"https:\/\/elreporterohgo.com\/noticias\/wp-content\/uploads\/2021\/12\/0661ce38-9280-4629-a517-d146acee50d0.jpg 720w, https:\/\/elreporterohgo.com\/noticias\/wp-content\/uploads\/2021\/12\/0661ce38-9280-4629-a517-d146acee50d0-225x300.jpg 225w\" sizes=\"(max-width: 720px) 100vw, 720px\" \/><\/figure>\n\n\n\n<p>Por Mary\nLoren<\/p>\n\n\n\n<p>TULANCINGO, Hgo.-\nTres&nbsp; muertos y cuantiosos da\u00f1os\nmateriales fue el saldo que dej\u00f3 el choque por alcance entre un Volkswagen sed\u00e1n\ny una camioneta Chevrolet Tracker, la ma\u00f1ana de ayer, en la carretera federal\nM\u00e9xico-Tuxpan.<\/p>\n\n\n\n<p>Los veh\u00edculos\ninvolucrados son un Vocho color azul, matr\u00edcula NST8822 que impacto en la parte\ntrasera una camioneta Chevrolet Tracker, color rojo, placas NWD3414.<\/p>\n\n\n\n<p>Los primeros\nreportes indican que sobre la carretera federal M\u00e9xico\/ Tuxpan a la altura del\nrestaurante La Bodeguita, con direcci\u00f3n a Tuxpan, colisionaron los referidos veh\u00edculos.<\/p>\n\n\n\n<p>Param\u00e9dicos\nde la Cruz Roja, delegaci\u00f3n Tulancingo, informaron que las tres personas\natrapadas en el Volkswagen ya no cuentan con signos vitales.<\/p>\n\n\n\n<p>Con equipo hidr\u00e1ulico\nfueron rescatados los cuerpos de las v\u00edctimas, dos adultos de aproximadamente\n40 a\u00f1os y un adolescente de 12 a\u00f1os.<\/p>\n","protected":false},"excerpt":{"rendered":"<p>Por Mary Loren TULANCINGO, Hgo.- Tres&nbsp; muertos y cuantiosos da\u00f1os materiales fue el saldo que dej\u00f3 el choque por alcance entre un Volkswagen sed\u00e1n y una camioneta Chevrolet Tracker, la ma\u00f1ana de ayer, en la carretera federal M\u00e9xico-Tuxpan. Los veh\u00edculos involucrados son un Vocho color azul, matr\u00edcula NST8822 que impacto en la parte trasera una<\/p>\n","protected":false},"author":2,"featured_media":45374,"comment_status":"open","ping_status":"closed","sticky":false,"template":"","format":"standard","meta":{"footnotes":""},"categories":[10],"tags":[],"class_list":{"0":"post-45373","1":"post","2":"type-post","3":"status-publish","4":"format-standard","5":"has-post-thumbnail","7":"category-hidalgo"},"_links":{"self":[{"href":"https:\/\/elreporterohgo.com\/noticias\/wp-json\/wp\/v2\/posts\/45373","targetHints":{"allow":["GET"]}}],"collection":[{"href":"https:\/\/elreporterohgo.com\/noticias\/wp-json\/wp\/v2\/posts"}],"about":[{"href":"https:\/\/elreporterohgo.com\/noticias\/wp-json\/wp\/v2\/types\/post"}],"author":[{"embeddable":true,"href":"https:\/\/elreporterohgo.com\/noticias\/wp-json\/wp\/v2\/users\/2"}],"replies":[{"embeddable":true,"href":"https:\/\/elreporterohgo.com\/noticias\/wp-json\/wp\/v2\/comments?post=45373"}],"version-history":[{"count":1,"href":"https:\/\/elreporterohgo.com\/noticias\/wp-json\/wp\/v2\/posts\/45373\/revisions"}],"predecessor-version":[{"id":45375,"href":"https:\/\/elreporterohgo.com\/noticias\/wp-json\/wp\/v2\/posts\/45373\/revisions\/45375"}],"wp:featuredmedia":[{"embeddable":true,"href":"https:\/\/elreporterohgo.com\/noticias\/wp-json\/wp\/v2\/media\/45374"}],"wp:attachment":[{"href":"https:\/\/elreporterohgo.com\/noticias\/wp-json\/wp\/v2\/media?parent=45373"}],"wp:term":[{"taxonomy":"category","embeddable":true,"href":"https:\/\/elreporterohgo.com\/noticias\/wp-json\/wp\/v2\/categories?post=45373"},{"taxonomy":"post_tag","embeddable":true,"href":"https:\/\/elreporterohgo.com\/noticias\/wp-json\/wp\/v2\/tags?post=45373"}],"curies":[{"name":"wp","href":"https:\/\/api.w.org\/{rel}","templated":true}]}}