{"id":45357,"date":"2021-12-27T12:33:19","date_gmt":"2021-12-27T18:33:19","guid":{"rendered":"https:\/\/elreporterohgo.com\/noticias\/?p=45357"},"modified":"2021-12-27T12:33:20","modified_gmt":"2021-12-27T18:33:20","slug":"grave-un-elemento-de-seguridad-fisica-de-pemex","status":"publish","type":"post","link":"https:\/\/elreporterohgo.com\/noticias\/2021\/12\/27\/grave-un-elemento-de-seguridad-fisica-de-pemex\/","title":{"rendered":"Grave un elemento de Seguridad F\u00edsica de PEMEX"},"content":{"rendered":"\n<figure class=\"wp-block-image\"><img fetchpriority=\"high\" decoding=\"async\" width=\"474\" height=\"312\" src=\"https::\/\/elreporterohgo.com\/noticias\/wp-content\/uploads\/2021\/12\/pemex.jpg\" alt=\"\" class=\"wp-image-45358\" srcset=\"https:\/\/elreporterohgo.com\/noticias\/wp-content\/uploads\/2021\/12\/pemex.jpg 474w, https:\/\/elreporterohgo.com\/noticias\/wp-content\/uploads\/2021\/12\/pemex-300x197.jpg 300w\" sizes=\"(max-width: 474px) 100vw, 474px\" \/><\/figure>\n\n\n\n<p>Atropellado\nen la M\u00e9xico-Laredo<\/p>\n\n\n\n<p>SAN AGUISTIN\nTLAXIACA, HGO.- Un elemento de Seguridad F\u00edsica de PEMEX resulto herido de\ngravedad, la ma\u00f1ana de hoy, tras ser atropellado cuando cruzaba la carretera\nfederal M\u00e9xico-Laredo.<\/p>\n\n\n\n<p>Param\u00e9dicos\nde Protecci\u00f3n Civil de San Agust\u00edn Tlaxiaca prestaron auxilio al herido que despu\u00e9s\nfue trasladado al hospital regional de Pemex, localizado en Tula de Allende.<\/p>\n\n\n\n<p>El guardia\nde la dependencia federal de 30 a\u00f1os, presuntamente atravesaba sin precauci\u00f3n\nla transitada carretera, altura del retorno en la localidad Tecama, municipio\nde Tlaxiaca.<\/p>\n\n\n\n<p>Ah\u00ed fue\nalcanzado por un veh\u00edculo Nissan platina, color blanco, con matr\u00edcula de\nHidalgo, qued\u00f3 tirado en la carpeta asf\u00e1ltica.<\/p>\n\n\n\n<p>Servicios de\nemergencia y seguridad del municipio le brindaron ayuda y lo canalizaron al\nnosocomio en menci\u00f3n para atenci\u00f3n m\u00e9dica.<\/p>\n","protected":false},"excerpt":{"rendered":"<p>Atropellado en la M\u00e9xico-Laredo SAN AGUISTIN TLAXIACA, HGO.- Un elemento de Seguridad F\u00edsica de PEMEX resulto herido de gravedad, la ma\u00f1ana de hoy, tras ser atropellado cuando cruzaba la carretera federal M\u00e9xico-Laredo. Param\u00e9dicos de Protecci\u00f3n Civil de San Agust\u00edn Tlaxiaca prestaron auxilio al herido que despu\u00e9s fue trasladado al hospital regional de Pemex, localizado en<\/p>\n","protected":false},"author":2,"featured_media":45358,"comment_status":"open","ping_status":"closed","sticky":false,"template":"","format":"standard","meta":{"footnotes":""},"categories":[10],"tags":[],"class_list":{"0":"post-45357","1":"post","2":"type-post","3":"status-publish","4":"format-standard","5":"has-post-thumbnail","7":"category-hidalgo"},"_links":{"self":[{"href":"https:\/\/elreporterohgo.com\/noticias\/wp-json\/wp\/v2\/posts\/45357","targetHints":{"allow":["GET"]}}],"collection":[{"href":"https:\/\/elreporterohgo.com\/noticias\/wp-json\/wp\/v2\/posts"}],"about":[{"href":"https:\/\/elreporterohgo.com\/noticias\/wp-json\/wp\/v2\/types\/post"}],"author":[{"embeddable":true,"href":"https:\/\/elreporterohgo.com\/noticias\/wp-json\/wp\/v2\/users\/2"}],"replies":[{"embeddable":true,"href":"https:\/\/elreporterohgo.com\/noticias\/wp-json\/wp\/v2\/comments?post=45357"}],"version-history":[{"count":1,"href":"https:\/\/elreporterohgo.com\/noticias\/wp-json\/wp\/v2\/posts\/45357\/revisions"}],"predecessor-version":[{"id":45359,"href":"https:\/\/elreporterohgo.com\/noticias\/wp-json\/wp\/v2\/posts\/45357\/revisions\/45359"}],"wp:featuredmedia":[{"embeddable":true,"href":"https:\/\/elreporterohgo.com\/noticias\/wp-json\/wp\/v2\/media\/45358"}],"wp:attachment":[{"href":"https:\/\/elreporterohgo.com\/noticias\/wp-json\/wp\/v2\/media?parent=45357"}],"wp:term":[{"taxonomy":"category","embeddable":true,"href":"https:\/\/elreporterohgo.com\/noticias\/wp-json\/wp\/v2\/categories?post=45357"},{"taxonomy":"post_tag","embeddable":true,"href":"https:\/\/elreporterohgo.com\/noticias\/wp-json\/wp\/v2\/tags?post=45357"}],"curies":[{"name":"wp","href":"https:\/\/api.w.org\/{rel}","templated":true}]}}