{"id":45354,"date":"2021-12-27T07:16:19","date_gmt":"2021-12-27T13:16:19","guid":{"rendered":"https:\/\/elreporterohgo.com\/noticias\/?p=45354"},"modified":"2021-12-27T07:16:20","modified_gmt":"2021-12-27T13:16:20","slug":"ingirio-alcohol-y-murio-en-aguas-termales-de-la-calera","status":"publish","type":"post","link":"https:\/\/elreporterohgo.com\/noticias\/2021\/12\/27\/ingirio-alcohol-y-murio-en-aguas-termales-de-la-calera\/","title":{"rendered":"Ingiri\u00f3 alcohol y muri\u00f3 en aguas termales de \u201cLa Calera\u201d"},"content":{"rendered":"\n<figure class=\"wp-block-image\"><img fetchpriority=\"high\" decoding=\"async\" width=\"397\" height=\"541\" src=\"https::\/\/elreporterohgo.com\/noticias\/wp-content\/uploads\/2021\/12\/3742086d-3113-405a-bb5f-79a903d33646-2.jpg\" alt=\"\" class=\"wp-image-45355\" srcset=\"https:\/\/elreporterohgo.com\/noticias\/wp-content\/uploads\/2021\/12\/3742086d-3113-405a-bb5f-79a903d33646-2.jpg 397w, https:\/\/elreporterohgo.com\/noticias\/wp-content\/uploads\/2021\/12\/3742086d-3113-405a-bb5f-79a903d33646-2-220x300.jpg 220w\" sizes=\"(max-width: 397px) 100vw, 397px\" \/><\/figure>\n\n\n\n<p>Nada pudo hacer Protecci\u00f3n Civil<\/p>\n\n\n\n<p>Por Juan Sabino Cruz<\/p>\n\n\n\n<p>ACATL\u00c1N, Hgo.- Un hombre que lleg\u00f3 de paseo a las aguas termales\nde Acatl\u00e1n, la tarde de ayer, termino muerto al meterse al agua despu\u00e9s de\nhaber ingerido alimentos y bebidas et\u00edlicas.<\/p>\n\n\n\n<p>Oficiales de Seguridad Municipal informaron que aproximadamente\na las 13 horas de ayer, reportaron a una persona inconsciente en las aguas\ntermales de La Calera.<\/p>\n\n\n\n<p>Personal de Protecci\u00f3n Civil acudi\u00f3 al lugar y tras revisar\nel cuerpo informaron que carec\u00eda de signos vitales, inclusive, tendr\u00eda como 40 Familiares\ndel occiso identificado por sus iniciales como G.L.C. de aproximadamente 51\na\u00f1os, ingiri\u00f3 alimentos y bebidas alcoh\u00f3licas antes de entrar al agua, lo cual\npudo causar su deceso.<\/p>\n\n\n\n<p>Personal de Seguridad P\u00fablica Municipal acordon\u00f3 la zona en\ntanto lleg\u00f3 el personal de la Procuradur\u00eda General de Justicia para proceder\ncon estricto apego a derecho.<\/p>\n","protected":false},"excerpt":{"rendered":"<p>Nada pudo hacer Protecci\u00f3n Civil Por Juan Sabino Cruz ACATL\u00c1N, Hgo.- Un hombre que lleg\u00f3 de paseo a las aguas termales de Acatl\u00e1n, la tarde de ayer, termino muerto al meterse al agua despu\u00e9s de haber ingerido alimentos y bebidas et\u00edlicas. Oficiales de Seguridad Municipal informaron que aproximadamente a las 13 horas de ayer, reportaron<\/p>\n","protected":false},"author":2,"featured_media":45355,"comment_status":"open","ping_status":"closed","sticky":false,"template":"","format":"standard","meta":{"footnotes":""},"categories":[10],"tags":[],"class_list":{"0":"post-45354","1":"post","2":"type-post","3":"status-publish","4":"format-standard","5":"has-post-thumbnail","7":"category-hidalgo"},"_links":{"self":[{"href":"https:\/\/elreporterohgo.com\/noticias\/wp-json\/wp\/v2\/posts\/45354","targetHints":{"allow":["GET"]}}],"collection":[{"href":"https:\/\/elreporterohgo.com\/noticias\/wp-json\/wp\/v2\/posts"}],"about":[{"href":"https:\/\/elreporterohgo.com\/noticias\/wp-json\/wp\/v2\/types\/post"}],"author":[{"embeddable":true,"href":"https:\/\/elreporterohgo.com\/noticias\/wp-json\/wp\/v2\/users\/2"}],"replies":[{"embeddable":true,"href":"https:\/\/elreporterohgo.com\/noticias\/wp-json\/wp\/v2\/comments?post=45354"}],"version-history":[{"count":1,"href":"https:\/\/elreporterohgo.com\/noticias\/wp-json\/wp\/v2\/posts\/45354\/revisions"}],"predecessor-version":[{"id":45356,"href":"https:\/\/elreporterohgo.com\/noticias\/wp-json\/wp\/v2\/posts\/45354\/revisions\/45356"}],"wp:featuredmedia":[{"embeddable":true,"href":"https:\/\/elreporterohgo.com\/noticias\/wp-json\/wp\/v2\/media\/45355"}],"wp:attachment":[{"href":"https:\/\/elreporterohgo.com\/noticias\/wp-json\/wp\/v2\/media?parent=45354"}],"wp:term":[{"taxonomy":"category","embeddable":true,"href":"https:\/\/elreporterohgo.com\/noticias\/wp-json\/wp\/v2\/categories?post=45354"},{"taxonomy":"post_tag","embeddable":true,"href":"https:\/\/elreporterohgo.com\/noticias\/wp-json\/wp\/v2\/tags?post=45354"}],"curies":[{"name":"wp","href":"https:\/\/api.w.org\/{rel}","templated":true}]}}