{"id":45324,"date":"2021-12-23T22:42:11","date_gmt":"2021-12-24T04:42:11","guid":{"rendered":"https:\/\/elreporterohgo.com\/noticias\/?p=45324"},"modified":"2021-12-23T22:42:12","modified_gmt":"2021-12-24T04:42:12","slug":"custodios-implicados-en-la-fuga-de-el-michoacano-y-otros-internos","status":"publish","type":"post","link":"https:\/\/elreporterohgo.com\/noticias\/2021\/12\/23\/custodios-implicados-en-la-fuga-de-el-michoacano-y-otros-internos\/","title":{"rendered":"Custodios implicados en la fuga de El Michoacano y otros internos"},"content":{"rendered":"\n<figure class=\"wp-block-image\"><img fetchpriority=\"high\" decoding=\"async\" width=\"888\" height=\"608\" src=\"https::\/\/elreporterohgo.com\/noticias\/wp-content\/uploads\/2021\/12\/00000-2-3.jpg\" alt=\"\" class=\"wp-image-45325\" srcset=\"https:\/\/elreporterohgo.com\/noticias\/wp-content\/uploads\/2021\/12\/00000-2-3.jpg 888w, https:\/\/elreporterohgo.com\/noticias\/wp-content\/uploads\/2021\/12\/00000-2-3-300x205.jpg 300w, https:\/\/elreporterohgo.com\/noticias\/wp-content\/uploads\/2021\/12\/00000-2-3-768x526.jpg 768w\" sizes=\"(max-width: 888px) 100vw, 888px\" \/><\/figure>\n\n\n\n<p>Nueve ya fueron vinculdos a proceso<\/p>\n\n\n\n<p>Pachuca de Soto,\nHgo.- La\nProcuradur\u00eda General de Justicia del Estado de Hidalgo a trav\u00e9s de la\nSubprocuradur\u00eda poniente obtuvo de la autoridad judicial la vinculaci\u00f3n a\nproceso para nueve personas, por evasi\u00f3n de presos agravada.<\/p>\n\n\n\n<p>Los hechos imputados a los\nprobables de identidad reservada bajo las iniciales H. C. R., A. R. G., E. S.\nA., S. G. M., L. E. C. I., A. C. H., J. M. L. L., J. C. T. R. y F. J. A. O.,\nocurrieron el pasado 1 de diciembre, cuando un grupo de personas irrumpi\u00f3 en el\nCentro de Reinserci\u00f3n Social de Tula de Allende, y favorecieron la evasi\u00f3n de nueve\npersonas que permanec\u00edan privadas legalmente de su libertad en dicho lugar.<\/p>\n\n\n\n<p>A partir de lo ocurrido\nagentes de Ministerio P\u00fablico investigaron hasta determinar la probable\nparticipaci\u00f3n de los ahora imputados, quienes se desempe\u00f1aban como custodios\ndel penal, por quienes esta representaci\u00f3n social solicit\u00f3 orden de\naprehensi\u00f3n, misma que fue concedida y posteriormente ejecutada por agentes de\nla Divisi\u00f3n de investigaci\u00f3n el pasado 17 de diciembre.<\/p>\n\n\n\n<p>Las personas imputadas fueron\npresentadas ante el juez de control en audiencia inicial para que se resolviera\nsu situaci\u00f3n legal, sin embargo se acogieron a la duplicidad del t\u00e9rmino\nconstitucional de 144 horas.<\/p>\n\n\n\n<p>Este mi\u00e9rcoles 22 de diciembre,\ndurante la continuaci\u00f3n de la audiencia, las nueve&nbsp; personas fueron vinculadas a proceso por la\nautoridad judicial, misma que estableci\u00f3 un plazo de tres meses para el cierre\nde la investigaci\u00f3n complementaria.<\/p>\n\n\n\n<p>Como medida cautelar les fue\nimpuesta la prisi\u00f3n preventiva justificada.<\/p>\n","protected":false},"excerpt":{"rendered":"<p>Nueve ya fueron vinculdos a proceso Pachuca de Soto, Hgo.- La Procuradur\u00eda General de Justicia del Estado de Hidalgo a trav\u00e9s de la Subprocuradur\u00eda poniente obtuvo de la autoridad judicial la vinculaci\u00f3n a proceso para nueve personas, por evasi\u00f3n de presos agravada. Los hechos imputados a los probables de identidad reservada bajo las iniciales H.<\/p>\n","protected":false},"author":2,"featured_media":45325,"comment_status":"open","ping_status":"closed","sticky":false,"template":"","format":"standard","meta":{"footnotes":""},"categories":[10],"tags":[],"class_list":{"0":"post-45324","1":"post","2":"type-post","3":"status-publish","4":"format-standard","5":"has-post-thumbnail","7":"category-hidalgo"},"_links":{"self":[{"href":"https:\/\/elreporterohgo.com\/noticias\/wp-json\/wp\/v2\/posts\/45324","targetHints":{"allow":["GET"]}}],"collection":[{"href":"https:\/\/elreporterohgo.com\/noticias\/wp-json\/wp\/v2\/posts"}],"about":[{"href":"https:\/\/elreporterohgo.com\/noticias\/wp-json\/wp\/v2\/types\/post"}],"author":[{"embeddable":true,"href":"https:\/\/elreporterohgo.com\/noticias\/wp-json\/wp\/v2\/users\/2"}],"replies":[{"embeddable":true,"href":"https:\/\/elreporterohgo.com\/noticias\/wp-json\/wp\/v2\/comments?post=45324"}],"version-history":[{"count":1,"href":"https:\/\/elreporterohgo.com\/noticias\/wp-json\/wp\/v2\/posts\/45324\/revisions"}],"predecessor-version":[{"id":45326,"href":"https:\/\/elreporterohgo.com\/noticias\/wp-json\/wp\/v2\/posts\/45324\/revisions\/45326"}],"wp:featuredmedia":[{"embeddable":true,"href":"https:\/\/elreporterohgo.com\/noticias\/wp-json\/wp\/v2\/media\/45325"}],"wp:attachment":[{"href":"https:\/\/elreporterohgo.com\/noticias\/wp-json\/wp\/v2\/media?parent=45324"}],"wp:term":[{"taxonomy":"category","embeddable":true,"href":"https:\/\/elreporterohgo.com\/noticias\/wp-json\/wp\/v2\/categories?post=45324"},{"taxonomy":"post_tag","embeddable":true,"href":"https:\/\/elreporterohgo.com\/noticias\/wp-json\/wp\/v2\/tags?post=45324"}],"curies":[{"name":"wp","href":"https:\/\/api.w.org\/{rel}","templated":true}]}}