{"id":45317,"date":"2021-12-23T05:06:08","date_gmt":"2021-12-23T11:06:08","guid":{"rendered":"https:\/\/elreporterohgo.com\/noticias\/?p=45317"},"modified":"2021-12-23T05:06:09","modified_gmt":"2021-12-23T11:06:09","slug":"abundio-n-preso-por-matar-una-mujer","status":"publish","type":"post","link":"https:\/\/elreporterohgo.com\/noticias\/2021\/12\/23\/abundio-n-preso-por-matar-una-mujer\/","title":{"rendered":"Abundio \u00abN\u00bb preso por matar  una mujer"},"content":{"rendered":"\n<figure class=\"wp-block-image\"><img fetchpriority=\"high\" decoding=\"async\" width=\"359\" height=\"233\" src=\"https::\/\/elreporterohgo.com\/noticias\/wp-content\/uploads\/2021\/12\/safe_image-2-1-2.jpg\" alt=\"\" class=\"wp-image-45318\" srcset=\"https:\/\/elreporterohgo.com\/noticias\/wp-content\/uploads\/2021\/12\/safe_image-2-1-2.jpg 359w, https:\/\/elreporterohgo.com\/noticias\/wp-content\/uploads\/2021\/12\/safe_image-2-1-2-300x195.jpg 300w\" sizes=\"(max-width: 359px) 100vw, 359px\" \/><\/figure>\n\n\n\n<p><strong>Huazalingo, Hgo.-<\/strong>Investigaciones bajo la\ncoordinaci\u00f3n del personal ministerial de la Fiscal\u00eda de delitos de g\u00e9nero y\ntrata de personas, sirvieron para determinar la responsabilidad de una persona,\nquien a trav\u00e9s de un procedimiento abreviado fue sentenciado a 31 a\u00f1os y tres\nmeses de prisi\u00f3n por feminicidio, ocurrido en Huazalingo.<\/p>\n\n\n\n<p>Derivado del hallazgo del\ncuerpo sin vida de la v\u00edctima, esta representaci\u00f3n social inici\u00f3 una carpeta de\ninvestigaci\u00f3n y las indagatorias transcurrieron bajo el protocolo de\nfeminicidio.<\/p>\n\n\n\n<p>Como resultado de los actos de\ninvestigaci\u00f3n, se determin\u00f3 la probable responsabilidad de una persona\nidentificada como Abundio Agust\u00edn \u201cN\u201d, motivo por el que esta representaci\u00f3n\nsocial solicit\u00f3 ante la autoridad judicial la orden de aprehensi\u00f3n.<\/p>\n\n\n\n<p>Una vez concedido dicho\nmandamiento judicial, fue cumplimentado por la Divisi\u00f3n de investigaci\u00f3n, de la\nProcuradur\u00eda General de Justicia del Estado de Hidalgo.&nbsp; <\/p>\n\n\n\n<p>En la audiencia inicial la\nfiscal\u00eda formul\u00f3 la imputaci\u00f3n y consigui\u00f3 el auto de vinculaci\u00f3n a proceso para\nel imputado, con base en la contundencia de las pruebas con las que contaba el\nMinisterio P\u00fablico, la persona ahora sentenciada renunci\u00f3 al juicio oral y opt\u00f3\npor el procedimiento abreviado como una forma anticipada de concluir el\nproceso.<\/p>\n\n\n\n<p>Frente a ello, la autoridad\njudicial le dict\u00f3 sentencia condenatoria de 31 a\u00f1os y tres meses de prisi\u00f3n.<\/p>\n","protected":false},"excerpt":{"rendered":"<p>Huazalingo, Hgo.-Investigaciones bajo la coordinaci\u00f3n del personal ministerial de la Fiscal\u00eda de delitos de g\u00e9nero y trata de personas, sirvieron para determinar la responsabilidad de una persona, quien a trav\u00e9s de un procedimiento abreviado fue sentenciado a 31 a\u00f1os y tres meses de prisi\u00f3n por feminicidio, ocurrido en Huazalingo. Derivado del hallazgo del cuerpo sin<\/p>\n","protected":false},"author":2,"featured_media":45318,"comment_status":"open","ping_status":"closed","sticky":false,"template":"","format":"standard","meta":{"footnotes":""},"categories":[10],"tags":[],"class_list":{"0":"post-45317","1":"post","2":"type-post","3":"status-publish","4":"format-standard","5":"has-post-thumbnail","7":"category-hidalgo"},"_links":{"self":[{"href":"https:\/\/elreporterohgo.com\/noticias\/wp-json\/wp\/v2\/posts\/45317","targetHints":{"allow":["GET"]}}],"collection":[{"href":"https:\/\/elreporterohgo.com\/noticias\/wp-json\/wp\/v2\/posts"}],"about":[{"href":"https:\/\/elreporterohgo.com\/noticias\/wp-json\/wp\/v2\/types\/post"}],"author":[{"embeddable":true,"href":"https:\/\/elreporterohgo.com\/noticias\/wp-json\/wp\/v2\/users\/2"}],"replies":[{"embeddable":true,"href":"https:\/\/elreporterohgo.com\/noticias\/wp-json\/wp\/v2\/comments?post=45317"}],"version-history":[{"count":1,"href":"https:\/\/elreporterohgo.com\/noticias\/wp-json\/wp\/v2\/posts\/45317\/revisions"}],"predecessor-version":[{"id":45319,"href":"https:\/\/elreporterohgo.com\/noticias\/wp-json\/wp\/v2\/posts\/45317\/revisions\/45319"}],"wp:featuredmedia":[{"embeddable":true,"href":"https:\/\/elreporterohgo.com\/noticias\/wp-json\/wp\/v2\/media\/45318"}],"wp:attachment":[{"href":"https:\/\/elreporterohgo.com\/noticias\/wp-json\/wp\/v2\/media?parent=45317"}],"wp:term":[{"taxonomy":"category","embeddable":true,"href":"https:\/\/elreporterohgo.com\/noticias\/wp-json\/wp\/v2\/categories?post=45317"},{"taxonomy":"post_tag","embeddable":true,"href":"https:\/\/elreporterohgo.com\/noticias\/wp-json\/wp\/v2\/tags?post=45317"}],"curies":[{"name":"wp","href":"https:\/\/api.w.org\/{rel}","templated":true}]}}