{"id":45314,"date":"2021-12-22T22:06:03","date_gmt":"2021-12-23T04:06:03","guid":{"rendered":"https:\/\/elreporterohgo.com\/noticias\/?p=45314"},"modified":"2021-12-22T22:06:04","modified_gmt":"2021-12-23T04:06:04","slug":"entregan-parque-vehicular-en-el-dia-del-policia","status":"publish","type":"post","link":"https:\/\/elreporterohgo.com\/noticias\/2021\/12\/22\/entregan-parque-vehicular-en-el-dia-del-policia\/","title":{"rendered":"Entregan parque vehicular en el D\u00eda del Polic\u00eda"},"content":{"rendered":"\n<figure class=\"wp-block-image\"><img fetchpriority=\"high\" decoding=\"async\" width=\"1024\" height=\"682\" src=\"https::\/\/elreporterohgo.com\/noticias\/wp-content\/uploads\/2021\/12\/unnamed-2021-12-22T220325.558-1024x682.jpg\" alt=\"\" class=\"wp-image-45315\" srcset=\"https:\/\/elreporterohgo.com\/noticias\/wp-content\/uploads\/2021\/12\/unnamed-2021-12-22T220325.558-1024x682.jpg 1024w, https:\/\/elreporterohgo.com\/noticias\/wp-content\/uploads\/2021\/12\/unnamed-2021-12-22T220325.558-300x200.jpg 300w, https:\/\/elreporterohgo.com\/noticias\/wp-content\/uploads\/2021\/12\/unnamed-2021-12-22T220325.558-768x512.jpg 768w, https:\/\/elreporterohgo.com\/noticias\/wp-content\/uploads\/2021\/12\/unnamed-2021-12-22T220325.558.jpg 1280w\" sizes=\"(max-width: 1024px) 100vw, 1024px\" \/><\/figure>\n\n\n\n<p>Zapotl\u00e1n\nde Ju\u00e1rez, Hgo.- En las instalaciones del Centro de Control, Comando,\nComunicaciones, C\u00f3mputo, Coordinaci\u00f3n e Inteligencia (C5i), el gobernador Omar\nFayad acompa\u00f1ado por la titular de la Secretar\u00eda de Seguridad Ciudadana del Gobierno\nde M\u00e9xico, Rosa Icela Rodr\u00edguez Vel\u00e1zquez, encabez\u00f3 la conmemoraci\u00f3n del D\u00eda\ndel Polic\u00eda en la que entreg\u00f3 parque vehicular; as\u00ed como reconocimientos y\nest\u00edmulos econ\u00f3micos a casi 130 elementos de seguridad por a\u00f1os de servicio.<\/p>\n\n\n\n<p>La\nsecretaria de Seguridad y Protecci\u00f3n Ciudadana, Rosa Icela Rodr\u00edguez, reconoci\u00f3\nel trabajo del gobernador y al equipo de la secretar\u00eda de Seguridad del estado,\nque ha permitido la reducci\u00f3n de casi 27 por ciento de los delitos de alto\nimpacto.<\/p>\n\n\n\n<p>Lo\nanterior en el periodo enero noviembre, comparado con el mismo lapso del 2019,\nprincipalmente secuestro, extorsi\u00f3n y robo en transporte p\u00fablico.&nbsp;&nbsp;<\/p>\n\n\n\n<p>Exhort\u00f3\na los polic\u00edas a seguir con la construcci\u00f3n de instituciones de seguridad\nprofesionales, equipadas, confiables y honestas que permitan recuperar la\nconfianza de la poblaci\u00f3n.&nbsp;&nbsp;<\/p>\n\n\n\n<p>\u201cSabemos\nque detr\u00e1s de cada hombre, de cada mujer polic\u00eda, hay una familia orgullosa por\neste trabajo que ustedes realizan, por eso hacemos extensiva esta felicitaci\u00f3n\na sus hijas, hijos, esposas, esposos, madres, padres, familiares y amigos\u201d, se\u00f1al\u00f3.<\/p>\n\n\n\n<p>El\ngobernador Fayad record\u00f3 que 2016, Hidalgo registraba un atraso en acciones de\nseguridad, los elementos policiales no ten\u00edan equipamiento, hab\u00eda rezagos en\nlas aplicaciones tecnol\u00f3gicas y el C4 ten\u00eda instalaciones deterioradas a las\nque estaban conectadas 64 c\u00e1maras de videovigilancia. En la actualidad, el C5i,\n\u00fanico en su tipo en Am\u00e9rica Latina, combate la inseguridad, privilegia el uso\nde la tecnolog\u00eda e inteligencia, sobre el uso de la fuerza, recibe la se\u00f1al de m\u00e1s\nde 12,560 c\u00e1maras de videovigilancia, (tanto privadas como del gobierno estatal),\nde 38 arcos carreteros, de 30 mil alarmas vecinales, as\u00ed como de botones de\np\u00e1nico. <\/p>\n\n\n\n<p>El\nmandatario hidalguense subray\u00f3 que la polic\u00eda en Hidalgo tambi\u00e9n se ha ampliado\ny diversificado. El cuerpo policial es m\u00e1s plural y, por lo tanto, m\u00e1s flexible\npara atender las diferentes situaciones y a los grupos poblacionales en el\nestado, a trav\u00e9s de una pol\u00edtica p\u00fablica de avanzada, siguiendo el principio de\nequidad de g\u00e9nero y en favor de las mujeres hidalguenses, sobre todo para que\nellas se sientan m\u00e1s seguras, se increment\u00f3 en 187 por ciento (%) el n\u00famero de\npolic\u00edas mujeres. <\/p>\n\n\n\n<p>Asever\u00f3\nque, como resultado de las acciones y trabajo de los polic\u00edas, Hidalgo se\nmantiene como el estado m\u00e1s seguro del centro del pa\u00eds, junto con Tlaxcala, de\nacuerdo con el Secretariado Ejecutivo del Sistema Nacional de Seguridad\nP\u00fablica. <\/p>\n\n\n\n<p>Agradeci\u00f3\nel trabajo y profesionalismo a los cerca de 130 polic\u00edas estatales, custodios\npenitenciarios y polic\u00edas procesales, elementos que han servido con gallard\u00eda y\nprofesionalismo por 20 y hasta 40 a\u00f1os de trabajo. A quienes el gobierno estatal\npremi\u00f3 su trayectoria y lealtad al servicio p\u00fablico con bonos de reconocimiento\npor un monto desde 10 mil 923 hasta los 35 mil pesos; dependiendo de sus a\u00f1os de\nservicio.<\/p>\n\n\n\n<p>Para\nmantener equipado y a la vanguardia al cuerpo policiaco de Hidalgo, se\nentregaron 24 veh\u00edculos por un monto de inversi\u00f3n superior a los 10.3 millones\nde pesos; motocicletas, as\u00ed como ambulancias tipo II. El nuevo parque vehicular\nse adquiri\u00f3, en parte, con recursos del Fondo de Aportaciones para la Seguridad\nP\u00fablica (FASP).<\/p>\n\n\n\n<p>Fayad\ndijo que en la reducci\u00f3n delincuencial del 27% es el resultado del trabajo\ncoordinado entre todos los \u00f3rdenes y niveles de gobierno, esfuerzos que tienen\nla finalidad de salvaguardar la paz. <\/p>\n\n\n\n<p>Juanita\nGuerra Mena, presidenta de la Comisi\u00f3n de Seguridad en la C\u00e1mara de Diputados,\ndestac\u00f3 el papel de los cuerpos de seguridad por ser quienes ponen en riesgo su\nvida por la seguridad de los dem\u00e1s. Reconoci\u00f3 al gobernador Omar Fayad por el\ndestacado trabajo que en materia de seguridad se realiza en Hidalgo. <\/p>\n\n\n\n<p>El\ntitular de la Secretar\u00eda de Seguridad P\u00fablica, Mauricio Delmar Saavedra, recalc\u00f3\nel trabajo de todos los responsables de guardar el orden en el estado de\nHidalgo. Indic\u00f3 que la polic\u00eda pide a la poblaci\u00f3n empat\u00eda, confianza,\nreconocimiento, respeto y mayor cooperaci\u00f3n ciudadana. <\/p>\n","protected":false},"excerpt":{"rendered":"<p>Zapotl\u00e1n de Ju\u00e1rez, Hgo.- En las instalaciones del Centro de Control, Comando, Comunicaciones, C\u00f3mputo, Coordinaci\u00f3n e Inteligencia (C5i), el gobernador Omar Fayad acompa\u00f1ado por la titular de la Secretar\u00eda de Seguridad Ciudadana del Gobierno de M\u00e9xico, Rosa Icela Rodr\u00edguez Vel\u00e1zquez, encabez\u00f3 la conmemoraci\u00f3n del D\u00eda del Polic\u00eda en la que entreg\u00f3 parque vehicular; as\u00ed como<\/p>\n","protected":false},"author":2,"featured_media":45315,"comment_status":"open","ping_status":"closed","sticky":false,"template":"","format":"standard","meta":{"footnotes":""},"categories":[10],"tags":[],"class_list":{"0":"post-45314","1":"post","2":"type-post","3":"status-publish","4":"format-standard","5":"has-post-thumbnail","7":"category-hidalgo"},"_links":{"self":[{"href":"https:\/\/elreporterohgo.com\/noticias\/wp-json\/wp\/v2\/posts\/45314","targetHints":{"allow":["GET"]}}],"collection":[{"href":"https:\/\/elreporterohgo.com\/noticias\/wp-json\/wp\/v2\/posts"}],"about":[{"href":"https:\/\/elreporterohgo.com\/noticias\/wp-json\/wp\/v2\/types\/post"}],"author":[{"embeddable":true,"href":"https:\/\/elreporterohgo.com\/noticias\/wp-json\/wp\/v2\/users\/2"}],"replies":[{"embeddable":true,"href":"https:\/\/elreporterohgo.com\/noticias\/wp-json\/wp\/v2\/comments?post=45314"}],"version-history":[{"count":1,"href":"https:\/\/elreporterohgo.com\/noticias\/wp-json\/wp\/v2\/posts\/45314\/revisions"}],"predecessor-version":[{"id":45316,"href":"https:\/\/elreporterohgo.com\/noticias\/wp-json\/wp\/v2\/posts\/45314\/revisions\/45316"}],"wp:featuredmedia":[{"embeddable":true,"href":"https:\/\/elreporterohgo.com\/noticias\/wp-json\/wp\/v2\/media\/45315"}],"wp:attachment":[{"href":"https:\/\/elreporterohgo.com\/noticias\/wp-json\/wp\/v2\/media?parent=45314"}],"wp:term":[{"taxonomy":"category","embeddable":true,"href":"https:\/\/elreporterohgo.com\/noticias\/wp-json\/wp\/v2\/categories?post=45314"},{"taxonomy":"post_tag","embeddable":true,"href":"https:\/\/elreporterohgo.com\/noticias\/wp-json\/wp\/v2\/tags?post=45314"}],"curies":[{"name":"wp","href":"https:\/\/api.w.org\/{rel}","templated":true}]}}