{"id":45306,"date":"2021-12-22T20:27:51","date_gmt":"2021-12-23T02:27:51","guid":{"rendered":"https:\/\/elreporterohgo.com\/noticias\/?p=45306"},"modified":"2021-12-22T20:31:07","modified_gmt":"2021-12-23T02:31:07","slug":"se-registra-el-primer-caso-de-omicron-en-hidalgo","status":"publish","type":"post","link":"https:\/\/elreporterohgo.com\/noticias\/2021\/12\/22\/se-registra-el-primer-caso-de-omicron-en-hidalgo\/","title":{"rendered":"Se registra el primer caso de \u00d3micron en Hidalgo"},"content":{"rendered":"\n<p>Pachuca, Hgo.- El gobernador del estado, Omar Fayad Meneses y el secretario de salud, Alejandro Efrain Ben\u00edtez, confirmaron la presencia del\u00a0<strong>primer caso de Covid-19 con la variante \u00f3micron<\/strong>, por lo que urgieron que se tomen mayores medidas para evitar la propagaci\u00f3n de este virus.<\/p>\n\n\n\n<figure class=\"wp-block-image\"><img fetchpriority=\"high\" decoding=\"async\" width=\"640\" height=\"702\" src=\"https::\/\/elreporterohgo.com\/noticias\/wp-content\/uploads\/2021\/12\/3B6B68B2-2263-4859-9926-34BF8CFA2CC4.jpeg\" alt=\"\" class=\"wp-image-45308\" srcset=\"https:\/\/elreporterohgo.com\/noticias\/wp-content\/uploads\/2021\/12\/3B6B68B2-2263-4859-9926-34BF8CFA2CC4.jpeg 640w, https:\/\/elreporterohgo.com\/noticias\/wp-content\/uploads\/2021\/12\/3B6B68B2-2263-4859-9926-34BF8CFA2CC4-274x300.jpeg 274w\" sizes=\"(max-width: 640px) 100vw, 640px\" \/><\/figure>\n\n\n\n<p>A trav\u00e9s de sus redes sociales, el mandatario se\u00f1al\u00f3, \u201cel laboratorio estatal de salud p\u00fablica detect\u00f3 el primer caso de Covid-19 con la variante \u00f3micron, se solicita a toda la poblaci\u00f3n extremar cuidados y medidas de bioseguridad. No bajemos la guardia\u201d.<\/p>\n\n\n\n<p>El Secretario de Salud se\u00f1al\u00f3 que se trata de una mujer de 30 a\u00f1os de edad, la cual tiene antecedente de viaje a Italia y Londres, adem\u00e1s de que dijo que un punto importante es que contaba con el\u00a0<strong>esquema completo de vacunaci\u00f3n con el biol\u00f3gico de Pfizer.<\/strong><\/p>\n\n\n\n<p>\u201cViene de visita a la jurisdicci\u00f3n de Pachuca y empez\u00f3 con la sintomatolog\u00eda respiratoria, acude primero con un m\u00e9dico particular y posteriormente con nosotros. En los an\u00e1lisis se manifestaron genes caracter\u00edsticos de \u00f3micron, al someterse nuevamente la muestra da positivo a esta cepa\u201d.<\/p>\n\n\n\n<p>*con informaci\u00f3n de El Universal<\/p>\n","protected":false},"excerpt":{"rendered":"<p>Pachuca, Hgo.- El gobernador del estado, Omar Fayad Meneses y el secretario de salud, Alejandro Efrain Ben\u00edtez, confirmaron la presencia del\u00a0primer caso de Covid-19 con la variante \u00f3micron, por lo que urgieron que se tomen mayores medidas para evitar la propagaci\u00f3n de este virus. A trav\u00e9s de sus redes sociales, el mandatario se\u00f1al\u00f3, \u201cel laboratorio<\/p>\n","protected":false},"author":2,"featured_media":45308,"comment_status":"open","ping_status":"closed","sticky":false,"template":"","format":"standard","meta":{"footnotes":""},"categories":[10],"tags":[],"class_list":{"0":"post-45306","1":"post","2":"type-post","3":"status-publish","4":"format-standard","5":"has-post-thumbnail","7":"category-hidalgo"},"_links":{"self":[{"href":"https:\/\/elreporterohgo.com\/noticias\/wp-json\/wp\/v2\/posts\/45306","targetHints":{"allow":["GET"]}}],"collection":[{"href":"https:\/\/elreporterohgo.com\/noticias\/wp-json\/wp\/v2\/posts"}],"about":[{"href":"https:\/\/elreporterohgo.com\/noticias\/wp-json\/wp\/v2\/types\/post"}],"author":[{"embeddable":true,"href":"https:\/\/elreporterohgo.com\/noticias\/wp-json\/wp\/v2\/users\/2"}],"replies":[{"embeddable":true,"href":"https:\/\/elreporterohgo.com\/noticias\/wp-json\/wp\/v2\/comments?post=45306"}],"version-history":[{"count":2,"href":"https:\/\/elreporterohgo.com\/noticias\/wp-json\/wp\/v2\/posts\/45306\/revisions"}],"predecessor-version":[{"id":45309,"href":"https:\/\/elreporterohgo.com\/noticias\/wp-json\/wp\/v2\/posts\/45306\/revisions\/45309"}],"wp:featuredmedia":[{"embeddable":true,"href":"https:\/\/elreporterohgo.com\/noticias\/wp-json\/wp\/v2\/media\/45308"}],"wp:attachment":[{"href":"https:\/\/elreporterohgo.com\/noticias\/wp-json\/wp\/v2\/media?parent=45306"}],"wp:term":[{"taxonomy":"category","embeddable":true,"href":"https:\/\/elreporterohgo.com\/noticias\/wp-json\/wp\/v2\/categories?post=45306"},{"taxonomy":"post_tag","embeddable":true,"href":"https:\/\/elreporterohgo.com\/noticias\/wp-json\/wp\/v2\/tags?post=45306"}],"curies":[{"name":"wp","href":"https:\/\/api.w.org\/{rel}","templated":true}]}}