{"id":45303,"date":"2021-12-22T15:04:31","date_gmt":"2021-12-22T21:04:31","guid":{"rendered":"https:\/\/elreporterohgo.com\/noticias\/?p=45303"},"modified":"2021-12-22T15:04:31","modified_gmt":"2021-12-22T21:04:31","slug":"heridos-tras-volcadura","status":"publish","type":"post","link":"https:\/\/elreporterohgo.com\/noticias\/2021\/12\/22\/heridos-tras-volcadura\/","title":{"rendered":"Heridos tras volcadura"},"content":{"rendered":"\n<p>ATOTONILCO EL GRANDE, Hgo.- La ma\u00f1ana del d\u00eda de hoy a la altura del kil\u00f3metro 32 de la carretera federal M\u00e9xico &#8211; Tampico volc\u00f3 una camioneta Ford explorer con placas de circulaci\u00f3n MVM7763, resultando con lesiones de gravedad los ocupantes de la misma.<\/p>\n\n\n\n<p>A la altura del libramiento que dirige a la cabecera municipal acudi\u00f3 la Guardia Nacional para acordonar el lugar de los hechos, asimismo, protecci\u00f3n civil municipal y paramedicos de la Cruz Roja acudieron a brindar  los primeros auxilios a las personas lesionadas y posteriormente fueron trasladados al Hospital General de Pachuca para recibir atenci\u00f3n m\u00e9dica.<\/p>\n\n\n\n<figure class=\"wp-block-image\"><img fetchpriority=\"high\" decoding=\"async\" width=\"768\" height=\"1024\" src=\"https::\/\/elreporterohgo.com\/noticias\/wp-content\/uploads\/2021\/12\/WhatsApp-Image-2021-12-22-at-1.48.52-PM-768x1024.jpeg\" alt=\"\" class=\"wp-image-45304\" srcset=\"https:\/\/elreporterohgo.com\/noticias\/wp-content\/uploads\/2021\/12\/WhatsApp-Image-2021-12-22-at-1.48.52-PM-768x1024.jpeg 768w, https:\/\/elreporterohgo.com\/noticias\/wp-content\/uploads\/2021\/12\/WhatsApp-Image-2021-12-22-at-1.48.52-PM-225x300.jpeg 225w, https:\/\/elreporterohgo.com\/noticias\/wp-content\/uploads\/2021\/12\/WhatsApp-Image-2021-12-22-at-1.48.52-PM.jpeg 1200w\" sizes=\"(max-width: 768px) 100vw, 768px\" \/><\/figure>\n\n\n\n<p><\/p>\n","protected":false},"excerpt":{"rendered":"<p>ATOTONILCO EL GRANDE, Hgo.- La ma\u00f1ana del d\u00eda de hoy a la altura del kil\u00f3metro 32 de la carretera federal M\u00e9xico &#8211; Tampico volc\u00f3 una camioneta Ford explorer con placas de circulaci\u00f3n MVM7763, resultando con lesiones de gravedad los ocupantes de la misma. A la altura del libramiento que dirige a la cabecera municipal acudi\u00f3<\/p>\n","protected":false},"author":2,"featured_media":45304,"comment_status":"open","ping_status":"closed","sticky":false,"template":"","format":"standard","meta":{"footnotes":""},"categories":[10],"tags":[],"class_list":{"0":"post-45303","1":"post","2":"type-post","3":"status-publish","4":"format-standard","5":"has-post-thumbnail","7":"category-hidalgo"},"_links":{"self":[{"href":"https:\/\/elreporterohgo.com\/noticias\/wp-json\/wp\/v2\/posts\/45303","targetHints":{"allow":["GET"]}}],"collection":[{"href":"https:\/\/elreporterohgo.com\/noticias\/wp-json\/wp\/v2\/posts"}],"about":[{"href":"https:\/\/elreporterohgo.com\/noticias\/wp-json\/wp\/v2\/types\/post"}],"author":[{"embeddable":true,"href":"https:\/\/elreporterohgo.com\/noticias\/wp-json\/wp\/v2\/users\/2"}],"replies":[{"embeddable":true,"href":"https:\/\/elreporterohgo.com\/noticias\/wp-json\/wp\/v2\/comments?post=45303"}],"version-history":[{"count":1,"href":"https:\/\/elreporterohgo.com\/noticias\/wp-json\/wp\/v2\/posts\/45303\/revisions"}],"predecessor-version":[{"id":45305,"href":"https:\/\/elreporterohgo.com\/noticias\/wp-json\/wp\/v2\/posts\/45303\/revisions\/45305"}],"wp:featuredmedia":[{"embeddable":true,"href":"https:\/\/elreporterohgo.com\/noticias\/wp-json\/wp\/v2\/media\/45304"}],"wp:attachment":[{"href":"https:\/\/elreporterohgo.com\/noticias\/wp-json\/wp\/v2\/media?parent=45303"}],"wp:term":[{"taxonomy":"category","embeddable":true,"href":"https:\/\/elreporterohgo.com\/noticias\/wp-json\/wp\/v2\/categories?post=45303"},{"taxonomy":"post_tag","embeddable":true,"href":"https:\/\/elreporterohgo.com\/noticias\/wp-json\/wp\/v2\/tags?post=45303"}],"curies":[{"name":"wp","href":"https:\/\/api.w.org\/{rel}","templated":true}]}}