{"id":45300,"date":"2021-12-22T05:42:55","date_gmt":"2021-12-22T11:42:55","guid":{"rendered":"https:\/\/elreporterohgo.com\/noticias\/?p=45300"},"modified":"2021-12-22T05:42:55","modified_gmt":"2021-12-22T11:42:55","slug":"mas-tiendas-walmart-a-hidalgo","status":"publish","type":"post","link":"https:\/\/elreporterohgo.com\/noticias\/2021\/12\/22\/mas-tiendas-walmart-a-hidalgo\/","title":{"rendered":"M\u00e1s tiendas Walmart a Hidalgo"},"content":{"rendered":"\n<figure class=\"wp-block-image\"><img fetchpriority=\"high\" decoding=\"async\" width=\"1024\" height=\"683\" src=\"https::\/\/elreporterohgo.com\/noticias\/wp-content\/uploads\/2021\/12\/unnamed-2021-12-22T053757.618-1024x683.jpg\" alt=\"\" class=\"wp-image-45301\" srcset=\"https:\/\/elreporterohgo.com\/noticias\/wp-content\/uploads\/2021\/12\/unnamed-2021-12-22T053757.618-1024x683.jpg 1024w, https:\/\/elreporterohgo.com\/noticias\/wp-content\/uploads\/2021\/12\/unnamed-2021-12-22T053757.618-300x200.jpg 300w, https:\/\/elreporterohgo.com\/noticias\/wp-content\/uploads\/2021\/12\/unnamed-2021-12-22T053757.618-768x512.jpg 768w, https:\/\/elreporterohgo.com\/noticias\/wp-content\/uploads\/2021\/12\/unnamed-2021-12-22T053757.618.jpg 1280w\" sizes=\"(max-width: 1024px) 100vw, 1024px\" \/><\/figure>\n\n\n\n<p>Tulancingo,\nTula, Hgo.-El sector empresarial conf\u00eda en Hidalgo, en sus fundamentos\necon\u00f3micos, y en su ambiente de negocios; pero, sobre todo, en el talento de su\ngente, declar\u00f3 el gobernador Omar Fayad al colocar la primera piedra del <em>Walmart<\/em>\n<em>Supercenter<\/em> Tulancingo y Tula, respectivamente.<\/p>\n\n\n\n<p>\u201cAqu\u00ed\nhay una oportunidad para que sus negocios crezcan, a m\u00ed me da mucho gusto que\nno s\u00f3lo hoy se est\u00e1n instalando con una inversi\u00f3n que supera los 380 millones\nde pesos, si no que hace unos d\u00edas lo mismo hicieron en Mineral de la Reforma.<\/p>\n\n\n\n<p>Grupo\nWalmart donar\u00e1 un parque y una unidad deportiva, con ello cumple con su\ncompromiso de permanecer como una empresa socialmente responsable con la\npoblaci\u00f3n.<\/p>\n\n\n\n<p>En su\noportunidad Jos\u00e9 Alejandro Ahued Garc\u00eda, directivo del Grupo Walmart M\u00e9xico,\nse\u00f1al\u00f3 que las diferentes regiones de Hidalgo crecen y se desarrollan de forma\npositiva, pues se nota el impulso que el gobernador hidalguense da al sector\nempresarial, generando empleos y una importante derrama econ\u00f3mica para su\npoblaci\u00f3n; es por ello que, esta empresa ha volteado su mirada hacia la\nentidad, reconociendo en ella a un estado competitivo.<\/p>\n\n\n\n<p>Con esta\nacci\u00f3n la presencia de <em>Walmart<\/em> crecer\u00e1 a 52 tiendas en la entidad, con\nla apertura de estos supermercados se refleja el incremento en la demanda de\nbienes de la poblaci\u00f3n hidalguense, que vive una fase hist\u00f3rica de desarrollo. <\/p>\n\n\n\n<p>La\ninversi\u00f3n de <em>Walmart Supercenter<\/em> Tulancingo es de 383 millones de pesos,\ny generar\u00e1 mil 150 empleos directos, 200 empleos fijos directos y 300\nindirectos; su construcci\u00f3n iniciar\u00e1 la primera semana de 2022.<\/p>\n\n\n\n<p>Posteriormente,\nen Tula, el mandatario estatal tambi\u00e9n coloc\u00f3 la primera piedra del <em>Walmart\nSupercenter<\/em> de esta ciudad. <\/p>\n","protected":false},"excerpt":{"rendered":"<p>Tulancingo, Tula, Hgo.-El sector empresarial conf\u00eda en Hidalgo, en sus fundamentos econ\u00f3micos, y en su ambiente de negocios; pero, sobre todo, en el talento de su gente, declar\u00f3 el gobernador Omar Fayad al colocar la primera piedra del Walmart Supercenter Tulancingo y Tula, respectivamente. \u201cAqu\u00ed hay una oportunidad para que sus negocios crezcan, a m\u00ed<\/p>\n","protected":false},"author":2,"featured_media":45301,"comment_status":"open","ping_status":"closed","sticky":false,"template":"","format":"standard","meta":{"footnotes":""},"categories":[10],"tags":[],"class_list":{"0":"post-45300","1":"post","2":"type-post","3":"status-publish","4":"format-standard","5":"has-post-thumbnail","7":"category-hidalgo"},"_links":{"self":[{"href":"https:\/\/elreporterohgo.com\/noticias\/wp-json\/wp\/v2\/posts\/45300","targetHints":{"allow":["GET"]}}],"collection":[{"href":"https:\/\/elreporterohgo.com\/noticias\/wp-json\/wp\/v2\/posts"}],"about":[{"href":"https:\/\/elreporterohgo.com\/noticias\/wp-json\/wp\/v2\/types\/post"}],"author":[{"embeddable":true,"href":"https:\/\/elreporterohgo.com\/noticias\/wp-json\/wp\/v2\/users\/2"}],"replies":[{"embeddable":true,"href":"https:\/\/elreporterohgo.com\/noticias\/wp-json\/wp\/v2\/comments?post=45300"}],"version-history":[{"count":1,"href":"https:\/\/elreporterohgo.com\/noticias\/wp-json\/wp\/v2\/posts\/45300\/revisions"}],"predecessor-version":[{"id":45302,"href":"https:\/\/elreporterohgo.com\/noticias\/wp-json\/wp\/v2\/posts\/45300\/revisions\/45302"}],"wp:featuredmedia":[{"embeddable":true,"href":"https:\/\/elreporterohgo.com\/noticias\/wp-json\/wp\/v2\/media\/45301"}],"wp:attachment":[{"href":"https:\/\/elreporterohgo.com\/noticias\/wp-json\/wp\/v2\/media?parent=45300"}],"wp:term":[{"taxonomy":"category","embeddable":true,"href":"https:\/\/elreporterohgo.com\/noticias\/wp-json\/wp\/v2\/categories?post=45300"},{"taxonomy":"post_tag","embeddable":true,"href":"https:\/\/elreporterohgo.com\/noticias\/wp-json\/wp\/v2\/tags?post=45300"}],"curies":[{"name":"wp","href":"https:\/\/api.w.org\/{rel}","templated":true}]}}