{"id":45268,"date":"2021-12-21T06:05:24","date_gmt":"2021-12-21T12:05:24","guid":{"rendered":"https:\/\/elreporterohgo.com\/noticias\/?p=45268"},"modified":"2021-12-21T06:05:25","modified_gmt":"2021-12-21T12:05:25","slug":"proponen-iniciativa-para-el-bienestar-y-trato-digno-de-animales-de-abasto","status":"publish","type":"post","link":"https:\/\/elreporterohgo.com\/noticias\/2021\/12\/21\/proponen-iniciativa-para-el-bienestar-y-trato-digno-de-animales-de-abasto\/","title":{"rendered":"Proponen iniciativa para el bienestar y trato digno de animales de abasto"},"content":{"rendered":"\n<figure class=\"wp-block-image\"><img fetchpriority=\"high\" decoding=\"async\" width=\"1024\" height=\"683\" src=\"https::\/\/elreporterohgo.com\/noticias\/wp-content\/uploads\/2021\/12\/20220119133611_IMG_5591-1024x683.jpg\" alt=\"\" class=\"wp-image-45269\" srcset=\"https:\/\/elreporterohgo.com\/noticias\/wp-content\/uploads\/2021\/12\/20220119133611_IMG_5591-1024x683.jpg 1024w, https:\/\/elreporterohgo.com\/noticias\/wp-content\/uploads\/2021\/12\/20220119133611_IMG_5591-300x200.jpg 300w, https:\/\/elreporterohgo.com\/noticias\/wp-content\/uploads\/2021\/12\/20220119133611_IMG_5591-768x512.jpg 768w, https:\/\/elreporterohgo.com\/noticias\/wp-content\/uploads\/2021\/12\/20220119133611_IMG_5591.jpg 1920w\" sizes=\"(max-width: 1024px) 100vw, 1024px\" \/><figcaption>Diputada Elvia Yanet Sierra Vite.<\/figcaption><\/figure>\n\n\n\n<p>PACHUCA, Hgo.- En la sesi\u00f3n ordinaria #32 del Congreso del Estado de Hidalgo, diputados y diputadas de la coalici\u00f3n \u201cJuntos haremos historia\u201d; integrada por los partidos Verde Ecologista de M\u00e9xico, Morena, Nueva Alianza Hidalgo y Partido del Trabajo, presentaron una iniciativa en materia de protecci\u00f3n y trato digno a los animales de abasto en el Estado de Hidalgo.<\/p>\n\n\n\n<p>En la lectura realizada por la diputada presidenta de la mesa directiva;\nElvia Yanet Sierra Vite, se expuso la necesidad de ampliar la protecci\u00f3n\njur\u00eddica a los animales conocidos como de abasto, que son aprovechados para la\ngeneraci\u00f3n de productos y subproductos y que en muchas ocasiones no cuentan con\nlas medidas de bienestar, inocuidad y trato digno.<\/p>\n\n\n\n<p>Con esta iniciativa, se propone que todas las especies tengan f\u00e1cil acceso\na alimento adecuado y suficiente, as\u00ed como agua limpia, para asegurar una\nadecuada nutrici\u00f3n y evitar que pasen hambre o sed prolongadas que puedan\nprovocar enfermedades o la muerte.<\/p>\n\n\n\n<p>Adem\u00e1s, para garantizar la salud y sanidad, el ambiente debe ser dise\u00f1ado e\ninspeccionado para reducir riesgos y mantenerse higi\u00e9nico. De igual forma, para\nmantener los est\u00e1ndares del bienestar se les debe permitir periodos de luz y\noscuridad necesarios, ya que contribuye a que expresen sus comportamientos naturales,\nreduzcan sus niveles de estr\u00e9s y aumenten su actividad f\u00edsica, consistente en\nmover sus extremidades, desplazarse hacia el \u00e1rea de alimentaci\u00f3n, y otras de\nacuerdo con los niveles de enriquecimiento ambiental.<\/p>\n\n\n\n<p>Para no afectar al sector productivo del estado en la implementaci\u00f3n de\nesta iniciativa, se propone un plazo de tiempo para la correcta implementaci\u00f3n\nde las modificaciones necesarias; as\u00ed mismo, se buscar\u00e1n las facilidades,\nest\u00edmulos fiscales y el constante di\u00e1logo con los ayuntamientos municipales\npara que las modificaciones transiten sin da\u00f1ar el comercio local.<\/p>\n\n\n\n<p>Esta iniciativa fue firmada por los diputados Mar\u00eda Adelaida Mu\u00f1oz Jumilla,\nJos\u00e9 No\u00e9 Hern\u00e1ndez Bravo, Mar\u00eda del Carmen Lozano Moreno, Octavio Maga\u00f1a Soto,\nJorge Hern\u00e1ndez Araus, Jos\u00e9 Antonio Hern\u00e1ndez Vera, Elvia Yanet Sierra Vite,\nTania Valdez Cuelllar, Edgar Hern\u00e1ndez Da\u00f1\u00fa y Jes\u00fas Osiris Leines Med\u00e9cigo. As\u00ed\nmismo, fue impulsada por la organizaci\u00f3n internacional \u201cIgualdad animal\u201d, en\nuna b\u00fasqueda de bienestar y trato digno a todos los animales.<\/p>\n","protected":false},"excerpt":{"rendered":"<p>PACHUCA, Hgo.- En la sesi\u00f3n ordinaria #32 del Congreso del Estado de Hidalgo, diputados y diputadas de la coalici\u00f3n \u201cJuntos haremos historia\u201d; integrada por los partidos Verde Ecologista de M\u00e9xico, Morena, Nueva Alianza Hidalgo y Partido del Trabajo, presentaron una iniciativa en materia de protecci\u00f3n y trato digno a los animales de abasto en el<\/p>\n","protected":false},"author":2,"featured_media":45269,"comment_status":"open","ping_status":"closed","sticky":false,"template":"","format":"standard","meta":{"footnotes":""},"categories":[10],"tags":[],"class_list":{"0":"post-45268","1":"post","2":"type-post","3":"status-publish","4":"format-standard","5":"has-post-thumbnail","7":"category-hidalgo"},"_links":{"self":[{"href":"https:\/\/elreporterohgo.com\/noticias\/wp-json\/wp\/v2\/posts\/45268","targetHints":{"allow":["GET"]}}],"collection":[{"href":"https:\/\/elreporterohgo.com\/noticias\/wp-json\/wp\/v2\/posts"}],"about":[{"href":"https:\/\/elreporterohgo.com\/noticias\/wp-json\/wp\/v2\/types\/post"}],"author":[{"embeddable":true,"href":"https:\/\/elreporterohgo.com\/noticias\/wp-json\/wp\/v2\/users\/2"}],"replies":[{"embeddable":true,"href":"https:\/\/elreporterohgo.com\/noticias\/wp-json\/wp\/v2\/comments?post=45268"}],"version-history":[{"count":1,"href":"https:\/\/elreporterohgo.com\/noticias\/wp-json\/wp\/v2\/posts\/45268\/revisions"}],"predecessor-version":[{"id":45270,"href":"https:\/\/elreporterohgo.com\/noticias\/wp-json\/wp\/v2\/posts\/45268\/revisions\/45270"}],"wp:featuredmedia":[{"embeddable":true,"href":"https:\/\/elreporterohgo.com\/noticias\/wp-json\/wp\/v2\/media\/45269"}],"wp:attachment":[{"href":"https:\/\/elreporterohgo.com\/noticias\/wp-json\/wp\/v2\/media?parent=45268"}],"wp:term":[{"taxonomy":"category","embeddable":true,"href":"https:\/\/elreporterohgo.com\/noticias\/wp-json\/wp\/v2\/categories?post=45268"},{"taxonomy":"post_tag","embeddable":true,"href":"https:\/\/elreporterohgo.com\/noticias\/wp-json\/wp\/v2\/tags?post=45268"}],"curies":[{"name":"wp","href":"https:\/\/api.w.org\/{rel}","templated":true}]}}