{"id":45260,"date":"2021-12-20T12:57:30","date_gmt":"2021-12-20T18:57:30","guid":{"rendered":"https:\/\/elreporterohgo.com\/noticias\/?p=45260"},"modified":"2021-12-20T12:57:31","modified_gmt":"2021-12-20T18:57:31","slug":"preso-por-intentar-matar-a-su-pareja-sentimental","status":"publish","type":"post","link":"https:\/\/elreporterohgo.com\/noticias\/2021\/12\/20\/preso-por-intentar-matar-a-su-pareja-sentimental\/","title":{"rendered":"Preso por intentar matar a su pareja sentimental"},"content":{"rendered":"\n<p><strong>Una persona enfrenta proceso penal por feminicidio en grado de tentativa<\/strong><\/p>\n\n\n\n<figure class=\"wp-block-image\"><img fetchpriority=\"high\" decoding=\"async\" width=\"425\" height=\"356\" src=\"https::\/\/elreporterohgo.com\/noticias\/wp-content\/uploads\/2021\/12\/11751e3d-a01c-4684-a743-bc9d6d3fdc1d-copia-2.jpg\" alt=\"\" class=\"wp-image-45263\" srcset=\"https:\/\/elreporterohgo.com\/noticias\/wp-content\/uploads\/2021\/12\/11751e3d-a01c-4684-a743-bc9d6d3fdc1d-copia-2.jpg 425w, https:\/\/elreporterohgo.com\/noticias\/wp-content\/uploads\/2021\/12\/11751e3d-a01c-4684-a743-bc9d6d3fdc1d-copia-2-300x251.jpg 300w\" sizes=\"(max-width: 425px) 100vw, 425px\" \/><\/figure>\n\n\n\n<p>MINERAL DE LA REFORMA, Hgo.- Personal ministerial de la Fiscal\u00eda de delitos de g\u00e9nero y trata de personas, obtuvo de un juez de control la vinculaci\u00f3n a proceso para una persona por su probable responsabilidad en feminicidio en grado de tentativa.<\/p>\n\n\n\n<p>Los hechos que se le imputan al probable identificado como Mario \u201cN\u201d, ocurrieron el 4 de diciembre pasado en Mineral de la Reforma, cuando esta representaci\u00f3n social, inici\u00f3 una carpeta de investigaci\u00f3n derivado de las agresiones cometidas en agravio de una persona del sexo femenino.<\/p>\n\n\n\n<p>El imputado\nquien era la pareja sentimental de la v\u00edctima, fue detenido en flagrancia por\nelementos de la Secretar\u00eda de Seguridad P\u00fablica de Hidalgo y puesto a disposici\u00f3n\ndel Ministerio P\u00fablico.<\/p>\n\n\n\n<p>Como\nresultado de la investigaci\u00f3n, el personal ministerial determin\u00f3 la probable\nresponsabilidad de Mario \u201cN\u201d, en hechos que la ley se\u00f1ala como feminicidio en\ngrado de tentativa, a consecuencia del ataque contra la v\u00edctima, quien result\u00f3\nlesionada con objeto punzocortante.<\/p>\n\n\n\n<p>La Fiscal\u00eda\nde delitos de g\u00e9nero y trata de personas reuni\u00f3 datos de prueba suficientes\ncontra el imputado y los present\u00f3 ante un juez de control, autoridad que\ndetermin\u00f3 vincular a proceso al probable, quien permanece en prisi\u00f3n\npreventiva. <\/p>\n\n\n\n<p>El juez\nconcedi\u00f3 para ambas partes un plazo de investigaci\u00f3n complementaria de cuatro\nmeses.<\/p>\n","protected":false},"excerpt":{"rendered":"<p>Una persona enfrenta proceso penal por feminicidio en grado de tentativa MINERAL DE LA REFORMA, Hgo.- Personal ministerial de la Fiscal\u00eda de delitos de g\u00e9nero y trata de personas, obtuvo de un juez de control la vinculaci\u00f3n a proceso para una persona por su probable responsabilidad en feminicidio en grado de tentativa. Los hechos que<\/p>\n","protected":false},"author":2,"featured_media":45263,"comment_status":"open","ping_status":"closed","sticky":false,"template":"","format":"standard","meta":{"footnotes":""},"categories":[10],"tags":[],"class_list":{"0":"post-45260","1":"post","2":"type-post","3":"status-publish","4":"format-standard","5":"has-post-thumbnail","7":"category-hidalgo"},"_links":{"self":[{"href":"https:\/\/elreporterohgo.com\/noticias\/wp-json\/wp\/v2\/posts\/45260","targetHints":{"allow":["GET"]}}],"collection":[{"href":"https:\/\/elreporterohgo.com\/noticias\/wp-json\/wp\/v2\/posts"}],"about":[{"href":"https:\/\/elreporterohgo.com\/noticias\/wp-json\/wp\/v2\/types\/post"}],"author":[{"embeddable":true,"href":"https:\/\/elreporterohgo.com\/noticias\/wp-json\/wp\/v2\/users\/2"}],"replies":[{"embeddable":true,"href":"https:\/\/elreporterohgo.com\/noticias\/wp-json\/wp\/v2\/comments?post=45260"}],"version-history":[{"count":1,"href":"https:\/\/elreporterohgo.com\/noticias\/wp-json\/wp\/v2\/posts\/45260\/revisions"}],"predecessor-version":[{"id":45264,"href":"https:\/\/elreporterohgo.com\/noticias\/wp-json\/wp\/v2\/posts\/45260\/revisions\/45264"}],"wp:featuredmedia":[{"embeddable":true,"href":"https:\/\/elreporterohgo.com\/noticias\/wp-json\/wp\/v2\/media\/45263"}],"wp:attachment":[{"href":"https:\/\/elreporterohgo.com\/noticias\/wp-json\/wp\/v2\/media?parent=45260"}],"wp:term":[{"taxonomy":"category","embeddable":true,"href":"https:\/\/elreporterohgo.com\/noticias\/wp-json\/wp\/v2\/categories?post=45260"},{"taxonomy":"post_tag","embeddable":true,"href":"https:\/\/elreporterohgo.com\/noticias\/wp-json\/wp\/v2\/tags?post=45260"}],"curies":[{"name":"wp","href":"https:\/\/api.w.org\/{rel}","templated":true}]}}