{"id":45248,"date":"2021-12-20T06:56:32","date_gmt":"2021-12-20T12:56:32","guid":{"rendered":"https:\/\/elreporterohgo.com\/noticias\/?p=45248"},"modified":"2021-12-20T06:56:33","modified_gmt":"2021-12-20T12:56:33","slug":"migrantes-podrian-votar-en-elecciones-locales","status":"publish","type":"post","link":"https:\/\/elreporterohgo.com\/noticias\/2021\/12\/20\/migrantes-podrian-votar-en-elecciones-locales\/","title":{"rendered":"Migrantes podr\u00edan votar en elecciones locales"},"content":{"rendered":"\n<figure class=\"wp-block-image\"><img fetchpriority=\"high\" decoding=\"async\" width=\"1024\" height=\"682\" src=\"https::\/\/elreporterohgo.com\/noticias\/wp-content\/uploads\/2021\/12\/unnamed-2021-12-20T064617.853-1024x682.jpg\" alt=\"\" class=\"wp-image-45249\" srcset=\"https:\/\/elreporterohgo.com\/noticias\/wp-content\/uploads\/2021\/12\/unnamed-2021-12-20T064617.853-1024x682.jpg 1024w, https:\/\/elreporterohgo.com\/noticias\/wp-content\/uploads\/2021\/12\/unnamed-2021-12-20T064617.853-300x200.jpg 300w, https:\/\/elreporterohgo.com\/noticias\/wp-content\/uploads\/2021\/12\/unnamed-2021-12-20T064617.853-768x512.jpg 768w, https:\/\/elreporterohgo.com\/noticias\/wp-content\/uploads\/2021\/12\/unnamed-2021-12-20T064617.853.jpg 1280w\" sizes=\"(max-width: 1024px) 100vw, 1024px\" \/><\/figure>\n\n\n\n<p>Pachuca,\nHgo.- Este lunes el gobernador Omar Fayad presentar\u00e1 al Congreso local la\niniciativa que reforma la Constituci\u00f3n Pol\u00edtica del Estado de Hidalgo para\ngarantizar el derecho a votar y ser votado de los hidalguenses migrantes\nresidentes en el extranjero en las elecciones locales, tanto de gobernador, diputados\ny presidentes municipales.<\/p>\n\n\n\n<p>La\niniciativa contempla la creaci\u00f3n de la figura de diputado y regidor migrante; de\nlas curules del Congreso del Estado de Hidalgo \u201cuna se le designar\u00e1 a este\nsector y en los municipios cuya poblaci\u00f3n migrante sea del 3 por ciento o m\u00e1s,\nle corresponder\u00e1 una regidur\u00eda del ayuntamiento. Corresponder\u00e1 a la autoridad\nelectoral determinar, de acuerdo los datos en ese momento, los municipios a\nconsiderar\u201d.<\/p>\n\n\n\n<p>Esto &nbsp;no significa un incremento en el n\u00famero de\nrepresentantes, sino un cambio que garantiza la participaci\u00f3n de hidalguenses\nradicados en el extranjero en los siguientes procesos electorales.<\/p>\n\n\n\n<p>El jefe\ndel Ejecutivo estatal agreg\u00f3 que las y los hidalguenses con doble nacionalidad,\nya sea por nacimiento en el extranjero o por naturalizaci\u00f3n, tambi\u00e9n son\nciudadanos hidalguenses con pleno uso de sus derechos pol\u00edticos-electorales.<\/p>\n\n\n\n<p>Con el\nprop\u00f3sito de atender los procesos electorales, la entrada en vigor de la iniciativa\nser\u00e1 al d\u00eda siguiente del t\u00e9rmino del proceso electoral que inici\u00f3 en Hidalgo.<\/p>\n","protected":false},"excerpt":{"rendered":"<p>Pachuca, Hgo.- Este lunes el gobernador Omar Fayad presentar\u00e1 al Congreso local la iniciativa que reforma la Constituci\u00f3n Pol\u00edtica del Estado de Hidalgo para garantizar el derecho a votar y ser votado de los hidalguenses migrantes residentes en el extranjero en las elecciones locales, tanto de gobernador, diputados y presidentes municipales. La iniciativa contempla la<\/p>\n","protected":false},"author":2,"featured_media":45249,"comment_status":"open","ping_status":"closed","sticky":false,"template":"","format":"standard","meta":{"footnotes":""},"categories":[10],"tags":[],"class_list":{"0":"post-45248","1":"post","2":"type-post","3":"status-publish","4":"format-standard","5":"has-post-thumbnail","7":"category-hidalgo"},"_links":{"self":[{"href":"https:\/\/elreporterohgo.com\/noticias\/wp-json\/wp\/v2\/posts\/45248","targetHints":{"allow":["GET"]}}],"collection":[{"href":"https:\/\/elreporterohgo.com\/noticias\/wp-json\/wp\/v2\/posts"}],"about":[{"href":"https:\/\/elreporterohgo.com\/noticias\/wp-json\/wp\/v2\/types\/post"}],"author":[{"embeddable":true,"href":"https:\/\/elreporterohgo.com\/noticias\/wp-json\/wp\/v2\/users\/2"}],"replies":[{"embeddable":true,"href":"https:\/\/elreporterohgo.com\/noticias\/wp-json\/wp\/v2\/comments?post=45248"}],"version-history":[{"count":1,"href":"https:\/\/elreporterohgo.com\/noticias\/wp-json\/wp\/v2\/posts\/45248\/revisions"}],"predecessor-version":[{"id":45250,"href":"https:\/\/elreporterohgo.com\/noticias\/wp-json\/wp\/v2\/posts\/45248\/revisions\/45250"}],"wp:featuredmedia":[{"embeddable":true,"href":"https:\/\/elreporterohgo.com\/noticias\/wp-json\/wp\/v2\/media\/45249"}],"wp:attachment":[{"href":"https:\/\/elreporterohgo.com\/noticias\/wp-json\/wp\/v2\/media?parent=45248"}],"wp:term":[{"taxonomy":"category","embeddable":true,"href":"https:\/\/elreporterohgo.com\/noticias\/wp-json\/wp\/v2\/categories?post=45248"},{"taxonomy":"post_tag","embeddable":true,"href":"https:\/\/elreporterohgo.com\/noticias\/wp-json\/wp\/v2\/tags?post=45248"}],"curies":[{"name":"wp","href":"https:\/\/api.w.org\/{rel}","templated":true}]}}