{"id":45243,"date":"2021-12-19T22:45:43","date_gmt":"2021-12-20T04:45:43","guid":{"rendered":"https:\/\/elreporterohgo.com\/noticias\/?p=45243"},"modified":"2021-12-20T06:33:36","modified_gmt":"2021-12-20T12:33:36","slug":"ya-se-vio-de-que-lado-mazca-la-iguana","status":"publish","type":"post","link":"https:\/\/elreporterohgo.com\/noticias\/2021\/12\/19\/ya-se-vio-de-que-lado-mazca-la-iguana\/","title":{"rendered":"Ya se vio de qu\u00e9 lado masca la iguana"},"content":{"rendered":"\n<figure class=\"wp-block-image\"><img fetchpriority=\"high\" decoding=\"async\" width=\"1024\" height=\"615\" src=\"https::\/\/elreporterohgo.com\/noticias\/wp-content\/uploads\/2021\/12\/7572b950-778d-46fc-a25c-a3fe3085072b-1024x615.jpg\" alt=\"\" class=\"wp-image-45244\" srcset=\"https:\/\/elreporterohgo.com\/noticias\/wp-content\/uploads\/2021\/12\/7572b950-778d-46fc-a25c-a3fe3085072b-1024x615.jpg 1024w, https:\/\/elreporterohgo.com\/noticias\/wp-content\/uploads\/2021\/12\/7572b950-778d-46fc-a25c-a3fe3085072b-300x180.jpg 300w, https:\/\/elreporterohgo.com\/noticias\/wp-content\/uploads\/2021\/12\/7572b950-778d-46fc-a25c-a3fe3085072b-768x461.jpg 768w, https:\/\/elreporterohgo.com\/noticias\/wp-content\/uploads\/2021\/12\/7572b950-778d-46fc-a25c-a3fe3085072b-600x360.jpg 600w, https:\/\/elreporterohgo.com\/noticias\/wp-content\/uploads\/2021\/12\/7572b950-778d-46fc-a25c-a3fe3085072b.jpg 1600w\" sizes=\"(max-width: 1024px) 100vw, 1024px\" \/><\/figure>\n\n\n\n<p>Tlaxcoapan, Hgo.- La\ndiputada federal Carolina Viggiano Austria lament\u00f3 las precarias condiciones\npor las que atraviesa el campo mexicano y que se agravaron por la falta del\napoyo gubernamental que decidi\u00f3 quitar los subsidios a este sector\nempobreciendo cada vez m\u00e1s a campesinos y productores.<\/p>\n\n\n\n<p>Durante\nun encuentro con representantes de la clase pol\u00edtica y l\u00edderes comunitarios de\neste municipio, la legisladora asegur\u00f3 que si no se capitaliza al campo ser\u00e1\nimposible combatir la pobreza en el pa\u00eds, al tiempo que reconoci\u00f3 que en todos\nlos pa\u00edses del mundo se subsidia al campo para asegurar la suficiencia\nalimentaria. <\/p>\n\n\n\n<p>Pero\ntambi\u00e9n son necesarias pol\u00edticas p\u00fablicas para el desarrollo prioritario de ese\nsector, por encima de obras fastuosas, caras e innecesarias como la refiner\u00eda\nde Dos Bocas, el aeropuerto de Santa Luc\u00eda o el Tren Maya.<\/p>\n\n\n\n<p>Se\nrequiere, dijo, combatir la crisis de inseguridad, de violencia, la crisis\necon\u00f3mica, ambiental y muchos otros males que para la actual administraci\u00f3n\nfederal han pasado inadvertidas.<\/p>\n\n\n\n<p>Para\nello, advirti\u00f3, es preciso tener una visi\u00f3n de estado y voluntad pol\u00edtica,\nvalores de los que carecen los gobiernos de Morena que en tan solo tres a\u00f1os\nhan privilegiado los apoyos clientelares con fines electorales.<\/p>\n\n\n\n<p>Viggiano\nAustria estuvo acompa\u00f1ada por presidentes municipales, exdirigentes partidistas\ny el Doctor Luis Osorio Chong, quien refrend\u00f3 su apoyo pol\u00edtico a la\nlegisladora hidalguense. <\/p>\n","protected":false},"excerpt":{"rendered":"<p>Tlaxcoapan, Hgo.- La diputada federal Carolina Viggiano Austria lament\u00f3 las precarias condiciones por las que atraviesa el campo mexicano y que se agravaron por la falta del apoyo gubernamental que decidi\u00f3 quitar los subsidios a este sector empobreciendo cada vez m\u00e1s a campesinos y productores. Durante un encuentro con representantes de la clase pol\u00edtica y<\/p>\n","protected":false},"author":2,"featured_media":45244,"comment_status":"open","ping_status":"closed","sticky":false,"template":"","format":"standard","meta":{"footnotes":""},"categories":[10],"tags":[],"class_list":{"0":"post-45243","1":"post","2":"type-post","3":"status-publish","4":"format-standard","5":"has-post-thumbnail","7":"category-hidalgo"},"_links":{"self":[{"href":"https:\/\/elreporterohgo.com\/noticias\/wp-json\/wp\/v2\/posts\/45243","targetHints":{"allow":["GET"]}}],"collection":[{"href":"https:\/\/elreporterohgo.com\/noticias\/wp-json\/wp\/v2\/posts"}],"about":[{"href":"https:\/\/elreporterohgo.com\/noticias\/wp-json\/wp\/v2\/types\/post"}],"author":[{"embeddable":true,"href":"https:\/\/elreporterohgo.com\/noticias\/wp-json\/wp\/v2\/users\/2"}],"replies":[{"embeddable":true,"href":"https:\/\/elreporterohgo.com\/noticias\/wp-json\/wp\/v2\/comments?post=45243"}],"version-history":[{"count":3,"href":"https:\/\/elreporterohgo.com\/noticias\/wp-json\/wp\/v2\/posts\/45243\/revisions"}],"predecessor-version":[{"id":45247,"href":"https:\/\/elreporterohgo.com\/noticias\/wp-json\/wp\/v2\/posts\/45243\/revisions\/45247"}],"wp:featuredmedia":[{"embeddable":true,"href":"https:\/\/elreporterohgo.com\/noticias\/wp-json\/wp\/v2\/media\/45244"}],"wp:attachment":[{"href":"https:\/\/elreporterohgo.com\/noticias\/wp-json\/wp\/v2\/media?parent=45243"}],"wp:term":[{"taxonomy":"category","embeddable":true,"href":"https:\/\/elreporterohgo.com\/noticias\/wp-json\/wp\/v2\/categories?post=45243"},{"taxonomy":"post_tag","embeddable":true,"href":"https:\/\/elreporterohgo.com\/noticias\/wp-json\/wp\/v2\/tags?post=45243"}],"curies":[{"name":"wp","href":"https:\/\/api.w.org\/{rel}","templated":true}]}}