{"id":45229,"date":"2021-12-18T15:52:22","date_gmt":"2021-12-18T21:52:22","guid":{"rendered":"https:\/\/elreporterohgo.com\/noticias\/?p=45229"},"modified":"2021-12-18T15:52:23","modified_gmt":"2021-12-18T21:52:23","slug":"posponen-una-cuarentena-el-regreso-a-clases-presenciales","status":"publish","type":"post","link":"https:\/\/elreporterohgo.com\/noticias\/2021\/12\/18\/posponen-una-cuarentena-el-regreso-a-clases-presenciales\/","title":{"rendered":"Posponen una \u201ccuarentena\u201d el regreso a clases presenciales"},"content":{"rendered":"\n<figure class=\"wp-block-image\"><img fetchpriority=\"high\" decoding=\"async\" width=\"1024\" height=\"1024\" src=\"https::\/\/elreporterohgo.com\/noticias\/wp-content\/uploads\/2021\/12\/foto-boletin-seph-3-1024x1024.jpeg\" alt=\"\" class=\"wp-image-45230\" srcset=\"https:\/\/elreporterohgo.com\/noticias\/wp-content\/uploads\/2021\/12\/foto-boletin-seph-3-1024x1024.jpeg 1024w, https:\/\/elreporterohgo.com\/noticias\/wp-content\/uploads\/2021\/12\/foto-boletin-seph-3-150x150.jpeg 150w, https:\/\/elreporterohgo.com\/noticias\/wp-content\/uploads\/2021\/12\/foto-boletin-seph-3-300x300.jpeg 300w, https:\/\/elreporterohgo.com\/noticias\/wp-content\/uploads\/2021\/12\/foto-boletin-seph-3-768x768.jpeg 768w, https:\/\/elreporterohgo.com\/noticias\/wp-content\/uploads\/2021\/12\/foto-boletin-seph-3-160x160.jpeg 160w, https:\/\/elreporterohgo.com\/noticias\/wp-content\/uploads\/2021\/12\/foto-boletin-seph-3.jpeg 1280w\" sizes=\"(max-width: 1024px) 100vw, 1024px\" \/><\/figure>\n\n\n\n<p>Parece que buscan proteger a los escolapios.<\/p>\n\n\n\n<p>Por Juan Sabino Cruz<\/p>\n\n\n\n<p>PACHUCA, Hgo.- Los riesgos de contraer coronavirus en sus\ndiferentes variantes durante la celebraci\u00f3n de las fiestas decembrinas y ante\nla creciente proliferaci\u00f3n de enfermedades respiratorias por las bajas temperaturas\nes casi un hecho que se pospondr\u00e1 el regreso a clases presenciales en el mes de\nenero.<\/p>\n\n\n\n<p>A la redacci\u00f3n de EL REPORTERO nos lleg\u00f3 un circular que de\nantemano precisamos que no es oficial, sin embargo, es casi un hecho que las autoridades\neducativas despu\u00e9s lo har\u00e1n oficial para proteger a los escolapios y a los\nmismos profesores.<\/p>\n\n\n\n<p>Transcribimos el texto:<\/p>\n\n\n\n<p>Estimados directores <\/p>\n\n\n\n<p>En la inteligencia que habremos de esperar el comunicado\noficial, las autoridades superiores de Educaci\u00f3n y Salud recomiendan para el\nregreso a clases seguro, una cuarentena de 2 semanas (del 3 de enero al 14 de\nenero 2022) por lo tanto para&nbsp; todos\nlos&nbsp; municipios el regreso ser\u00e1 a\ndistancia y con ello valorar la salud de la comunidad escolar. <\/p>\n\n\n\n<p>El pr\u00f3ximo 17 de enero 2022 el regreso a la actividad\npresencial en los 72 municipios se\u00f1alados&nbsp;&nbsp;&nbsp;&nbsp;\nser\u00e1 en los mismos t\u00e9rminos y condiciones.<\/p>\n\n\n\n<p>Para los 10 municipios de alta transmisibilidad el regreso\nser\u00e1 una vez aprobados sus planes de regreso seguro por parte de la autoridad\nde Salud, las Instituciones Oficiales y Particulares estar\u00e1n ya en las mismas\ncircunstancias.<\/p>\n\n\n\n<p>Lo anterior para informar a su estructura educativa,\nsolicitando estar al pendiente de los comunicados oficiales. <\/p>\n\n\n\n<p>Atte.<\/p>\n\n\n\n<p>Direcci\u00f3n de&nbsp;&nbsp;&nbsp;&nbsp;&nbsp;&nbsp;&nbsp;&nbsp;&nbsp;&nbsp;&nbsp;&nbsp;&nbsp;&nbsp;&nbsp;&nbsp;&nbsp;&nbsp;&nbsp;&nbsp;&nbsp;&nbsp;&nbsp;&nbsp; Educaci\u00f3n Primaria\nGeneral<\/p>\n","protected":false},"excerpt":{"rendered":"<p>Parece que buscan proteger a los escolapios. Por Juan Sabino Cruz PACHUCA, Hgo.- Los riesgos de contraer coronavirus en sus diferentes variantes durante la celebraci\u00f3n de las fiestas decembrinas y ante la creciente proliferaci\u00f3n de enfermedades respiratorias por las bajas temperaturas es casi un hecho que se pospondr\u00e1 el regreso a clases presenciales en el<\/p>\n","protected":false},"author":2,"featured_media":45230,"comment_status":"open","ping_status":"closed","sticky":false,"template":"","format":"standard","meta":{"footnotes":""},"categories":[10],"tags":[],"class_list":{"0":"post-45229","1":"post","2":"type-post","3":"status-publish","4":"format-standard","5":"has-post-thumbnail","7":"category-hidalgo"},"_links":{"self":[{"href":"https:\/\/elreporterohgo.com\/noticias\/wp-json\/wp\/v2\/posts\/45229","targetHints":{"allow":["GET"]}}],"collection":[{"href":"https:\/\/elreporterohgo.com\/noticias\/wp-json\/wp\/v2\/posts"}],"about":[{"href":"https:\/\/elreporterohgo.com\/noticias\/wp-json\/wp\/v2\/types\/post"}],"author":[{"embeddable":true,"href":"https:\/\/elreporterohgo.com\/noticias\/wp-json\/wp\/v2\/users\/2"}],"replies":[{"embeddable":true,"href":"https:\/\/elreporterohgo.com\/noticias\/wp-json\/wp\/v2\/comments?post=45229"}],"version-history":[{"count":1,"href":"https:\/\/elreporterohgo.com\/noticias\/wp-json\/wp\/v2\/posts\/45229\/revisions"}],"predecessor-version":[{"id":45231,"href":"https:\/\/elreporterohgo.com\/noticias\/wp-json\/wp\/v2\/posts\/45229\/revisions\/45231"}],"wp:featuredmedia":[{"embeddable":true,"href":"https:\/\/elreporterohgo.com\/noticias\/wp-json\/wp\/v2\/media\/45230"}],"wp:attachment":[{"href":"https:\/\/elreporterohgo.com\/noticias\/wp-json\/wp\/v2\/media?parent=45229"}],"wp:term":[{"taxonomy":"category","embeddable":true,"href":"https:\/\/elreporterohgo.com\/noticias\/wp-json\/wp\/v2\/categories?post=45229"},{"taxonomy":"post_tag","embeddable":true,"href":"https:\/\/elreporterohgo.com\/noticias\/wp-json\/wp\/v2\/tags?post=45229"}],"curies":[{"name":"wp","href":"https:\/\/api.w.org\/{rel}","templated":true}]}}