{"id":45223,"date":"2021-12-18T12:27:49","date_gmt":"2021-12-18T18:27:49","guid":{"rendered":"https:\/\/elreporterohgo.com\/noticias\/?p=45223"},"modified":"2021-12-18T12:27:50","modified_gmt":"2021-12-18T18:27:50","slug":"jose-luis-n-preso-por-homicidio-calificado-en-grado-de-tentativa","status":"publish","type":"post","link":"https:\/\/elreporterohgo.com\/noticias\/2021\/12\/18\/jose-luis-n-preso-por-homicidio-calificado-en-grado-de-tentativa\/","title":{"rendered":"Jos\u00e9 Luis \u00abN\u00bb preso por homicidio calificado en grado de tentativa"},"content":{"rendered":"\n<p><strong>E<\/strong><\/p>\n\n\n\n<figure class=\"wp-block-image\"><img fetchpriority=\"high\" decoding=\"async\" width=\"926\" height=\"600\" src=\"https::\/\/elreporterohgo.com\/noticias\/wp-content\/uploads\/2021\/12\/e09114dd-910a-4943-9a55-b8fe0965663e-2.jpg\" alt=\"\" class=\"wp-image-45224\" srcset=\"https:\/\/elreporterohgo.com\/noticias\/wp-content\/uploads\/2021\/12\/e09114dd-910a-4943-9a55-b8fe0965663e-2.jpg 926w, https:\/\/elreporterohgo.com\/noticias\/wp-content\/uploads\/2021\/12\/e09114dd-910a-4943-9a55-b8fe0965663e-2-300x194.jpg 300w, https:\/\/elreporterohgo.com\/noticias\/wp-content\/uploads\/2021\/12\/e09114dd-910a-4943-9a55-b8fe0965663e-2-768x498.jpg 768w\" sizes=\"(max-width: 926px) 100vw, 926px\" \/><\/figure>\n\n\n\n<p>APAN, Hgo.- Como resultado de investigaciones a cargo de un agente del Ministerio P\u00fablico de la Unidad de investigaci\u00f3n y litigaci\u00f3n de la Subprocuradur\u00eda poniente, un juez de control dict\u00f3 la vinculaci\u00f3n a proceso para una persona por homicidio calificado en grado de tentativa.<\/p>\n\n\n\n<p>Los hechos\nque se le imputan a una persona identificada como Jos\u00e9 Luis \u201cN\u201d, ocurrieron en\noctubre del 2020, al interior de un domicilio ubicado en Apan, lugar en el que\nla v\u00edctima result\u00f3 con lesiones causadas por disparo de arma de fuego.<\/p>\n\n\n\n<p>Ante lo\nocurrido, la Procuradur\u00eda General de Justicia del Estado de Hidalgo a trav\u00e9s\ndel personal ministerial adscrito a la Subprocuradur\u00eda poniente, inici\u00f3 la\ncarpeta de investigaci\u00f3n correspondiente.<\/p>\n\n\n\n<p>Con base en\nlas indagatorias del Ministerio P\u00fablico, se recabaron datos de prueba contra\nJos\u00e9 Luis \u201cN\u201d, mismos que se presentaron ante un juez de control.<\/p>\n\n\n\n<p>En audiencia\ninicial, la autoridad judicial dict\u00f3 la vinculaci\u00f3n a proceso contra el\nprobable y le fue impuesta la medida cautelar la prisi\u00f3n preventiva oficiosa,\npor los hechos antes mencionados.<\/p>\n\n\n\n<p>Para las\npartes que intervienen en este proceso penal, se fijaron tres meses de\ninvestigaci\u00f3n complementaria.<\/p>\n","protected":false},"excerpt":{"rendered":"<p>E APAN, Hgo.- Como resultado de investigaciones a cargo de un agente del Ministerio P\u00fablico de la Unidad de investigaci\u00f3n y litigaci\u00f3n de la Subprocuradur\u00eda poniente, un juez de control dict\u00f3 la vinculaci\u00f3n a proceso para una persona por homicidio calificado en grado de tentativa. Los hechos que se le imputan a una persona identificada<\/p>\n","protected":false},"author":2,"featured_media":45224,"comment_status":"open","ping_status":"closed","sticky":false,"template":"","format":"standard","meta":{"footnotes":""},"categories":[10],"tags":[],"class_list":{"0":"post-45223","1":"post","2":"type-post","3":"status-publish","4":"format-standard","5":"has-post-thumbnail","7":"category-hidalgo"},"_links":{"self":[{"href":"https:\/\/elreporterohgo.com\/noticias\/wp-json\/wp\/v2\/posts\/45223","targetHints":{"allow":["GET"]}}],"collection":[{"href":"https:\/\/elreporterohgo.com\/noticias\/wp-json\/wp\/v2\/posts"}],"about":[{"href":"https:\/\/elreporterohgo.com\/noticias\/wp-json\/wp\/v2\/types\/post"}],"author":[{"embeddable":true,"href":"https:\/\/elreporterohgo.com\/noticias\/wp-json\/wp\/v2\/users\/2"}],"replies":[{"embeddable":true,"href":"https:\/\/elreporterohgo.com\/noticias\/wp-json\/wp\/v2\/comments?post=45223"}],"version-history":[{"count":1,"href":"https:\/\/elreporterohgo.com\/noticias\/wp-json\/wp\/v2\/posts\/45223\/revisions"}],"predecessor-version":[{"id":45225,"href":"https:\/\/elreporterohgo.com\/noticias\/wp-json\/wp\/v2\/posts\/45223\/revisions\/45225"}],"wp:featuredmedia":[{"embeddable":true,"href":"https:\/\/elreporterohgo.com\/noticias\/wp-json\/wp\/v2\/media\/45224"}],"wp:attachment":[{"href":"https:\/\/elreporterohgo.com\/noticias\/wp-json\/wp\/v2\/media?parent=45223"}],"wp:term":[{"taxonomy":"category","embeddable":true,"href":"https:\/\/elreporterohgo.com\/noticias\/wp-json\/wp\/v2\/categories?post=45223"},{"taxonomy":"post_tag","embeddable":true,"href":"https:\/\/elreporterohgo.com\/noticias\/wp-json\/wp\/v2\/tags?post=45223"}],"curies":[{"name":"wp","href":"https:\/\/api.w.org\/{rel}","templated":true}]}}