{"id":45217,"date":"2021-12-18T12:05:34","date_gmt":"2021-12-18T18:05:34","guid":{"rendered":"https:\/\/elreporterohgo.com\/noticias\/?p=45217"},"modified":"2021-12-18T12:07:37","modified_gmt":"2021-12-18T18:07:37","slug":"herido-al-volcarse-en-la-chapopotera","status":"publish","type":"post","link":"https:\/\/elreporterohgo.com\/noticias\/2021\/12\/18\/herido-al-volcarse-en-la-chapopotera\/","title":{"rendered":"Herido al volcarse en la Chapopotera"},"content":{"rendered":"\n<figure class=\"wp-block-image\"><img fetchpriority=\"high\" decoding=\"async\" width=\"744\" height=\"470\" src=\"https::\/\/elreporterohgo.com\/noticias\/wp-content\/uploads\/2021\/12\/871a6368-0a09-4c49-9eb9-be7140d15888-2.jpg\" alt=\"\" class=\"wp-image-45218\" srcset=\"https:\/\/elreporterohgo.com\/noticias\/wp-content\/uploads\/2021\/12\/871a6368-0a09-4c49-9eb9-be7140d15888-2.jpg 744w, https:\/\/elreporterohgo.com\/noticias\/wp-content\/uploads\/2021\/12\/871a6368-0a09-4c49-9eb9-be7140d15888-2-300x190.jpg 300w\" sizes=\"(max-width: 744px) 100vw, 744px\" \/><\/figure>\n\n\n\n<figure class=\"wp-block-image\"><img decoding=\"async\" width=\"1024\" height=\"721\" src=\"https::\/\/elreporterohgo.com\/noticias\/wp-content\/uploads\/2021\/12\/lesion-2-1024x721.jpg\" alt=\"\" class=\"wp-image-45220\" srcset=\"https:\/\/elreporterohgo.com\/noticias\/wp-content\/uploads\/2021\/12\/lesion-2-1024x721.jpg 1024w, https:\/\/elreporterohgo.com\/noticias\/wp-content\/uploads\/2021\/12\/lesion-2-300x211.jpg 300w, https:\/\/elreporterohgo.com\/noticias\/wp-content\/uploads\/2021\/12\/lesion-2-768x541.jpg 768w, https:\/\/elreporterohgo.com\/noticias\/wp-content\/uploads\/2021\/12\/lesion-2.jpg 1623w\" sizes=\"(max-width: 1024px) 100vw, 1024px\" \/><\/figure>\n\n\n\n<p>Lesionado atendido por Cruz Roja<\/p>\n\n\n\n<p>TEPEAPULCO, Hgo.- Aparatosa salida de camino y volcadura de\nun autom\u00f3vil compacto ocurri\u00f3 casi a la media noche del mi\u00e9rcoles, en la\ncarretera Tepeapulco-Apan, a la altura del lugar conocido como La chapopotera.<\/p>\n\n\n\n<p>El reporte oficial del accidente indica que ocurri\u00f3 a las\n23:15 horas del mi\u00e9rcoles, cuando un hombre identificado como Carlos Alberto \u201cN\u201d,\nde 26 a\u00f1os, vecino de Singuilucan, conduc\u00eda un autom\u00f3vil Seat Ibiza, color\nblanco matr\u00edcula HJM-653-B, modelo 2012.<\/p>\n\n\n\n<p>En el tramo conocido como La Chapopotera, perdi\u00f3 el control\ndel veh\u00edculo, se sali\u00f3 de la carpeta asf\u00e1ltica y se volc\u00f3, param\u00e9dicos de la\nCruz Roja le prestaron los primeros auxilios para despu\u00e9s ingresarlo a la cl\u00ednica\ndel IMSS de Ciudad Sahag\u00fan.<\/p>\n\n\n\n<p>El destruido veh\u00edculo fue ingresado al corral\u00f3n. el accidente fue atendido por elementos de la Polic\u00eda Estatal de Ciudad Sahag\u00fan.<\/p>\n\n\n\n<p><\/p>\n","protected":false},"excerpt":{"rendered":"<p>Lesionado atendido por Cruz Roja TEPEAPULCO, Hgo.- Aparatosa salida de camino y volcadura de un autom\u00f3vil compacto ocurri\u00f3 casi a la media noche del mi\u00e9rcoles, en la carretera Tepeapulco-Apan, a la altura del lugar conocido como La chapopotera. El reporte oficial del accidente indica que ocurri\u00f3 a las 23:15 horas del mi\u00e9rcoles, cuando un hombre<\/p>\n","protected":false},"author":2,"featured_media":45220,"comment_status":"open","ping_status":"closed","sticky":false,"template":"","format":"standard","meta":{"footnotes":""},"categories":[10],"tags":[],"class_list":{"0":"post-45217","1":"post","2":"type-post","3":"status-publish","4":"format-standard","5":"has-post-thumbnail","7":"category-hidalgo"},"_links":{"self":[{"href":"https:\/\/elreporterohgo.com\/noticias\/wp-json\/wp\/v2\/posts\/45217","targetHints":{"allow":["GET"]}}],"collection":[{"href":"https:\/\/elreporterohgo.com\/noticias\/wp-json\/wp\/v2\/posts"}],"about":[{"href":"https:\/\/elreporterohgo.com\/noticias\/wp-json\/wp\/v2\/types\/post"}],"author":[{"embeddable":true,"href":"https:\/\/elreporterohgo.com\/noticias\/wp-json\/wp\/v2\/users\/2"}],"replies":[{"embeddable":true,"href":"https:\/\/elreporterohgo.com\/noticias\/wp-json\/wp\/v2\/comments?post=45217"}],"version-history":[{"count":1,"href":"https:\/\/elreporterohgo.com\/noticias\/wp-json\/wp\/v2\/posts\/45217\/revisions"}],"predecessor-version":[{"id":45221,"href":"https:\/\/elreporterohgo.com\/noticias\/wp-json\/wp\/v2\/posts\/45217\/revisions\/45221"}],"wp:featuredmedia":[{"embeddable":true,"href":"https:\/\/elreporterohgo.com\/noticias\/wp-json\/wp\/v2\/media\/45220"}],"wp:attachment":[{"href":"https:\/\/elreporterohgo.com\/noticias\/wp-json\/wp\/v2\/media?parent=45217"}],"wp:term":[{"taxonomy":"category","embeddable":true,"href":"https:\/\/elreporterohgo.com\/noticias\/wp-json\/wp\/v2\/categories?post=45217"},{"taxonomy":"post_tag","embeddable":true,"href":"https:\/\/elreporterohgo.com\/noticias\/wp-json\/wp\/v2\/tags?post=45217"}],"curies":[{"name":"wp","href":"https:\/\/api.w.org\/{rel}","templated":true}]}}