{"id":45214,"date":"2021-12-18T11:20:12","date_gmt":"2021-12-18T17:20:12","guid":{"rendered":"https:\/\/elreporterohgo.com\/noticias\/?p=45214"},"modified":"2021-12-18T11:20:13","modified_gmt":"2021-12-18T17:20:13","slug":"priistas-encendieron-su-arbol-de-navidad","status":"publish","type":"post","link":"https:\/\/elreporterohgo.com\/noticias\/2021\/12\/18\/priistas-encendieron-su-arbol-de-navidad\/","title":{"rendered":"Priistas encendieron su \u00e1rbol de Navidad"},"content":{"rendered":"\n<figure class=\"wp-block-image\"><img fetchpriority=\"high\" decoding=\"async\" width=\"1024\" height=\"682\" src=\"https::\/\/elreporterohgo.com\/noticias\/wp-content\/uploads\/2021\/12\/Foto-4-1024x682.jpeg\" alt=\"\" class=\"wp-image-45215\" srcset=\"https:\/\/elreporterohgo.com\/noticias\/wp-content\/uploads\/2021\/12\/Foto-4-1024x682.jpeg 1024w, https:\/\/elreporterohgo.com\/noticias\/wp-content\/uploads\/2021\/12\/Foto-4-300x200.jpeg 300w, https:\/\/elreporterohgo.com\/noticias\/wp-content\/uploads\/2021\/12\/Foto-4-768x512.jpeg 768w, https:\/\/elreporterohgo.com\/noticias\/wp-content\/uploads\/2021\/12\/Foto-4.jpeg 1280w\" sizes=\"(max-width: 1024px) 100vw, 1024px\" \/><\/figure>\n\n\n\n<p>Pachuca, Hgo.- Julio Valera Piedras,\npresidente estatal del Partido Revolucionario Institucional (PRI) en Hidalgo,\nen compa\u00f1\u00eda de las y los diputados locales de la bancada de dicho instituto\npol\u00edtico, encabez\u00f3 el encendido del tradicional \u00e1rbol navide\u00f1o en las\ninstalaciones del Comit\u00e9 Directivo Estatal. Acto engalanado por la Orquesta\nSinf\u00f3nica del estado de Hidalgo a cargo de Marco Orozco Hern\u00e1ndez; y el\nEnsamble Coral Vocal Class Estudio, encabezado por \u00c1ngel Jim\u00e9nez Gonz\u00e1lez.<\/p>\n","protected":false},"excerpt":{"rendered":"<p>Pachuca, Hgo.- Julio Valera Piedras, presidente estatal del Partido Revolucionario Institucional (PRI) en Hidalgo, en compa\u00f1\u00eda de las y los diputados locales de la bancada de dicho instituto pol\u00edtico, encabez\u00f3 el encendido del tradicional \u00e1rbol navide\u00f1o en las instalaciones del Comit\u00e9 Directivo Estatal. Acto engalanado por la Orquesta Sinf\u00f3nica del estado de Hidalgo a cargo<\/p>\n","protected":false},"author":2,"featured_media":45215,"comment_status":"open","ping_status":"closed","sticky":false,"template":"","format":"standard","meta":{"footnotes":""},"categories":[10],"tags":[],"class_list":{"0":"post-45214","1":"post","2":"type-post","3":"status-publish","4":"format-standard","5":"has-post-thumbnail","7":"category-hidalgo"},"_links":{"self":[{"href":"https:\/\/elreporterohgo.com\/noticias\/wp-json\/wp\/v2\/posts\/45214","targetHints":{"allow":["GET"]}}],"collection":[{"href":"https:\/\/elreporterohgo.com\/noticias\/wp-json\/wp\/v2\/posts"}],"about":[{"href":"https:\/\/elreporterohgo.com\/noticias\/wp-json\/wp\/v2\/types\/post"}],"author":[{"embeddable":true,"href":"https:\/\/elreporterohgo.com\/noticias\/wp-json\/wp\/v2\/users\/2"}],"replies":[{"embeddable":true,"href":"https:\/\/elreporterohgo.com\/noticias\/wp-json\/wp\/v2\/comments?post=45214"}],"version-history":[{"count":1,"href":"https:\/\/elreporterohgo.com\/noticias\/wp-json\/wp\/v2\/posts\/45214\/revisions"}],"predecessor-version":[{"id":45216,"href":"https:\/\/elreporterohgo.com\/noticias\/wp-json\/wp\/v2\/posts\/45214\/revisions\/45216"}],"wp:featuredmedia":[{"embeddable":true,"href":"https:\/\/elreporterohgo.com\/noticias\/wp-json\/wp\/v2\/media\/45215"}],"wp:attachment":[{"href":"https:\/\/elreporterohgo.com\/noticias\/wp-json\/wp\/v2\/media?parent=45214"}],"wp:term":[{"taxonomy":"category","embeddable":true,"href":"https:\/\/elreporterohgo.com\/noticias\/wp-json\/wp\/v2\/categories?post=45214"},{"taxonomy":"post_tag","embeddable":true,"href":"https:\/\/elreporterohgo.com\/noticias\/wp-json\/wp\/v2\/tags?post=45214"}],"curies":[{"name":"wp","href":"https:\/\/api.w.org\/{rel}","templated":true}]}}