{"id":45199,"date":"2021-12-18T03:05:26","date_gmt":"2021-12-18T09:05:26","guid":{"rendered":"https:\/\/elreporterohgo.com\/noticias\/?p=45199"},"modified":"2021-12-18T03:05:27","modified_gmt":"2021-12-18T09:05:27","slug":"diputado-promueve-primeros-trabajos-para-desazolve-de-lagua-de-tecocomulco","status":"publish","type":"post","link":"https:\/\/elreporterohgo.com\/noticias\/2021\/12\/18\/diputado-promueve-primeros-trabajos-para-desazolve-de-lagua-de-tecocomulco\/","title":{"rendered":"Diputado promueve primeros trabajos para desazolve de lagua de Tecocomulco"},"content":{"rendered":"\n<figure class=\"wp-block-image\"><img fetchpriority=\"high\" decoding=\"async\" width=\"1024\" height=\"768\" src=\"https::\/\/elreporterohgo.com\/noticias\/wp-content\/uploads\/2021\/12\/WhatsApp-Image-2021-12-15-at-6.30.16-PM-1-1024x768.jpeg\" alt=\"\" class=\"wp-image-45200\" srcset=\"https:\/\/elreporterohgo.com\/noticias\/wp-content\/uploads\/2021\/12\/WhatsApp-Image-2021-12-15-at-6.30.16-PM-1-1024x768.jpeg 1024w, https:\/\/elreporterohgo.com\/noticias\/wp-content\/uploads\/2021\/12\/WhatsApp-Image-2021-12-15-at-6.30.16-PM-1-300x225.jpeg 300w, https:\/\/elreporterohgo.com\/noticias\/wp-content\/uploads\/2021\/12\/WhatsApp-Image-2021-12-15-at-6.30.16-PM-1-768x576.jpeg 768w, https:\/\/elreporterohgo.com\/noticias\/wp-content\/uploads\/2021\/12\/WhatsApp-Image-2021-12-15-at-6.30.16-PM-1.jpeg 1600w\" sizes=\"(max-width: 1024px) 100vw, 1024px\" \/><\/figure>\n\n\n\n<figure class=\"wp-block-image\"><img decoding=\"async\" width=\"768\" height=\"1024\" src=\"https::\/\/elreporterohgo.com\/noticias\/wp-content\/uploads\/2021\/12\/WhatsApp-Image-2021-12-15-at-6.30.16-PM-768x1024.jpeg\" alt=\"\" class=\"wp-image-45201\" srcset=\"https:\/\/elreporterohgo.com\/noticias\/wp-content\/uploads\/2021\/12\/WhatsApp-Image-2021-12-15-at-6.30.16-PM-768x1024.jpeg 768w, https:\/\/elreporterohgo.com\/noticias\/wp-content\/uploads\/2021\/12\/WhatsApp-Image-2021-12-15-at-6.30.16-PM-225x300.jpeg 225w, https:\/\/elreporterohgo.com\/noticias\/wp-content\/uploads\/2021\/12\/WhatsApp-Image-2021-12-15-at-6.30.16-PM.jpeg 1200w\" sizes=\"(max-width: 768px) 100vw, 768px\" \/><\/figure>\n\n\n\n<p>TEPEAPULCO, HGO.- En seguimiento al acuerdo econ\u00f3mico promovido por el diputado local Jorge Hern\u00e1ndez Araus, se iniciaron los trabajos correspondientes al desazolve de la Laguna de Tecocomulco con el recorrido y evaluaci\u00f3n del dren Tultengo.<\/p>\n\n\n\n<p>Tras dicha actividad en la que estuvieron presentes tambi\u00e9n los representantes de SEMARNAT y CONAGUA, se acord\u00f3 la ampliaci\u00f3n a diez metros de las partes que requiera el dren Tultengo, revisando el estado que guardan los puentes y dando atenci\u00f3n a aquellos que necesiten mantenimiento. <\/p>\n\n\n\n<p>De igual forma, se trabajar\u00e1 para dar profundidad de cuando menos tres metros, partiendo del final del dren, con apoyo de un estudio topogr\u00e1fico que realizar\u00e1 la CONAGUA.<\/p>\n\n\n\n<p>Posteriormente y un vez realizadas las acciones de desazolve, se evaluar\u00e1 la viabilidad y pertinencia para bajar el vertedor, cuando las condiciones as\u00ed lo requieran, tomando como l\u00edmite m\u00e1ximo un plazo de 12 meses para realizar dicha evaluaci\u00f3n.<\/p>\n\n\n\n<p>Finalmente, se puntualiz\u00f3 tambi\u00e9n que ser\u00e1 competencia de la CONAGUA realizar el estudio topogr\u00e1fico que permita dar claridad de las necesidades que ocupa el dren, as\u00ed como visualizar el monto proyectado y suficiente para comenzar con los trabajos; dicho estudio se presentar\u00e1 a m\u00e1s tardar en la primera semana de febrero pr\u00f3ximo.<\/p>\n\n\n\n<p>Los beneficiarios de las acciones emprendidas externaron su agradecimiento al diputado Jorge Hern\u00e1ndez Araus por la atenci\u00f3n y apoyo para solventar una problem\u00e1tica de m\u00e1s de 20 a\u00f1os y solicitaron su acompa\u00f1amiento para que funja como mediador en la constituci\u00f3n de un comit\u00e9 que de seguimiento a la iniciativa, as\u00ed como para que sea el puente de contacto entre autoridades municipales, estatales y federales.<\/p>\n\n\n\n<p>A los trabajos del d\u00eda de hoy se sumaron tambi\u00e9n las legisladoras Adelaida Mu\u00f1oz y Roc\u00edo Sosa, as\u00ed como representantes de los municipios de Apan, Tepeapulco, Cuautepec y Almoloya.<\/p>\n","protected":false},"excerpt":{"rendered":"<p>TEPEAPULCO, HGO.- En seguimiento al acuerdo econ\u00f3mico promovido por el diputado local Jorge Hern\u00e1ndez Araus, se iniciaron los trabajos correspondientes al desazolve de la Laguna de Tecocomulco con el recorrido y evaluaci\u00f3n del dren Tultengo. Tras dicha actividad en la que estuvieron presentes tambi\u00e9n los representantes de SEMARNAT y CONAGUA, se acord\u00f3 la ampliaci\u00f3n a<\/p>\n","protected":false},"author":2,"featured_media":45200,"comment_status":"open","ping_status":"closed","sticky":false,"template":"","format":"standard","meta":{"footnotes":""},"categories":[10],"tags":[],"class_list":{"0":"post-45199","1":"post","2":"type-post","3":"status-publish","4":"format-standard","5":"has-post-thumbnail","7":"category-hidalgo"},"_links":{"self":[{"href":"https:\/\/elreporterohgo.com\/noticias\/wp-json\/wp\/v2\/posts\/45199","targetHints":{"allow":["GET"]}}],"collection":[{"href":"https:\/\/elreporterohgo.com\/noticias\/wp-json\/wp\/v2\/posts"}],"about":[{"href":"https:\/\/elreporterohgo.com\/noticias\/wp-json\/wp\/v2\/types\/post"}],"author":[{"embeddable":true,"href":"https:\/\/elreporterohgo.com\/noticias\/wp-json\/wp\/v2\/users\/2"}],"replies":[{"embeddable":true,"href":"https:\/\/elreporterohgo.com\/noticias\/wp-json\/wp\/v2\/comments?post=45199"}],"version-history":[{"count":1,"href":"https:\/\/elreporterohgo.com\/noticias\/wp-json\/wp\/v2\/posts\/45199\/revisions"}],"predecessor-version":[{"id":45202,"href":"https:\/\/elreporterohgo.com\/noticias\/wp-json\/wp\/v2\/posts\/45199\/revisions\/45202"}],"wp:featuredmedia":[{"embeddable":true,"href":"https:\/\/elreporterohgo.com\/noticias\/wp-json\/wp\/v2\/media\/45200"}],"wp:attachment":[{"href":"https:\/\/elreporterohgo.com\/noticias\/wp-json\/wp\/v2\/media?parent=45199"}],"wp:term":[{"taxonomy":"category","embeddable":true,"href":"https:\/\/elreporterohgo.com\/noticias\/wp-json\/wp\/v2\/categories?post=45199"},{"taxonomy":"post_tag","embeddable":true,"href":"https:\/\/elreporterohgo.com\/noticias\/wp-json\/wp\/v2\/tags?post=45199"}],"curies":[{"name":"wp","href":"https:\/\/api.w.org\/{rel}","templated":true}]}}