{"id":45196,"date":"2021-12-18T02:53:39","date_gmt":"2021-12-18T08:53:39","guid":{"rendered":"https:\/\/elreporterohgo.com\/noticias\/?p=45196"},"modified":"2021-12-18T02:53:41","modified_gmt":"2021-12-18T08:53:41","slug":"jorge-hernandez-araus-asume-la-presidencia-de-la-junta-de-gobierno-de-la-lxv-legislatura-del-congreso-de-hidalgo","status":"publish","type":"post","link":"https:\/\/elreporterohgo.com\/noticias\/2021\/12\/18\/jorge-hernandez-araus-asume-la-presidencia-de-la-junta-de-gobierno-de-la-lxv-legislatura-del-congreso-de-hidalgo\/","title":{"rendered":"Jorge Hern\u00e1ndez Araus asume la presidencia de la Junta de Gobierno de la LXV Legislatura del Congreso de Hidalgo"},"content":{"rendered":"\n<figure class=\"wp-block-image\"><img fetchpriority=\"high\" decoding=\"async\" width=\"1024\" height=\"692\" src=\"https::\/\/elreporterohgo.com\/noticias\/wp-content\/uploads\/2021\/12\/18.10.2021-Comisi\u00f3n-Instructora-INSTALACI\u00d3N-5-1024x692.jpg\" alt=\"\" class=\"wp-image-45197\" srcset=\"https:\/\/elreporterohgo.com\/noticias\/wp-content\/uploads\/2021\/12\/18.10.2021-Comisi\u00f3n-Instructora-INSTALACI\u00d3N-5-1024x692.jpg 1024w, https:\/\/elreporterohgo.com\/noticias\/wp-content\/uploads\/2021\/12\/18.10.2021-Comisi\u00f3n-Instructora-INSTALACI\u00d3N-5-300x203.jpg 300w, https:\/\/elreporterohgo.com\/noticias\/wp-content\/uploads\/2021\/12\/18.10.2021-Comisi\u00f3n-Instructora-INSTALACI\u00d3N-5-768x519.jpg 768w, https:\/\/elreporterohgo.com\/noticias\/wp-content\/uploads\/2021\/12\/18.10.2021-Comisi\u00f3n-Instructora-INSTALACI\u00d3N-5.jpg 1692w\" sizes=\"(max-width: 1024px) 100vw, 1024px\" \/><\/figure>\n\n\n\n<p>PACHUCA, Hgo.- Asume el diputado local de Morena Jorge Hern\u00e1ndez Araus la presidencia de la Junta de Gobierno de la LXV Legislatura del Congreso del Estado de Hidalgo, que qued\u00f3 vacante a partir de la solicitud de licencia por tiempo indefinido por parte del legislador Francisco Berganza Escorza.<\/p>\n\n\n\n<p>En\nel marco de la sesi\u00f3n ordinaria n\u00famero 31, de car\u00e1cter virtual, se hizo del\nconocimiento del Pleno del Congreso el oficio suscrito por el presidente del\nComit\u00e9 Ejecutivo Nacional de Morena, Mario Delgado Carrillo, a trav\u00e9s del cual\nmanifiesta a la Directiva del Poder Legislativo del Estado de Hidalgo, la determinaci\u00f3n\nque, en ejercicio de la autonom\u00eda legislativa y parlamentaria, \u201cadoptaron las\ndiputaciones que integran al Grupo Parlamentario de Morena\u201d respecto a la\ndesignaci\u00f3n del legislador Hern\u00e1ndez Araus, que a partir del 15 de diciembre\ndel a\u00f1o en curso, se nombra como presidente de la Junta de Gobierno.<\/p>\n\n\n\n<p>Cabe\nmencionar que el diputado Jorge Hern\u00e1ndez tambi\u00e9n fue electo recientemente, de\nmanera democr\u00e1tica, como coordinador del Grupo Legislativo de Morena de la LXV\nLegislatura.<\/p>\n\n\n\n<p>Por\notra parte, el Pleno del Congreso estatal aprob\u00f3 por unanimidad de 24 votos a\nfavor el dictamen mediante el cual se llama al ciudadano Andr\u00e9s Caballero\nCer\u00f3n, como diputado en funciones de la LXV Legislatura ante la solicitud de\nlicencia por tiempo indefinido por Francisco Berganza Escorza. <\/p>\n","protected":false},"excerpt":{"rendered":"<p>PACHUCA, Hgo.- Asume el diputado local de Morena Jorge Hern\u00e1ndez Araus la presidencia de la Junta de Gobierno de la LXV Legislatura del Congreso del Estado de Hidalgo, que qued\u00f3 vacante a partir de la solicitud de licencia por tiempo indefinido por parte del legislador Francisco Berganza Escorza. En el marco de la sesi\u00f3n ordinaria<\/p>\n","protected":false},"author":2,"featured_media":45197,"comment_status":"open","ping_status":"closed","sticky":false,"template":"","format":"standard","meta":{"footnotes":""},"categories":[10],"tags":[],"class_list":{"0":"post-45196","1":"post","2":"type-post","3":"status-publish","4":"format-standard","5":"has-post-thumbnail","7":"category-hidalgo"},"_links":{"self":[{"href":"https:\/\/elreporterohgo.com\/noticias\/wp-json\/wp\/v2\/posts\/45196","targetHints":{"allow":["GET"]}}],"collection":[{"href":"https:\/\/elreporterohgo.com\/noticias\/wp-json\/wp\/v2\/posts"}],"about":[{"href":"https:\/\/elreporterohgo.com\/noticias\/wp-json\/wp\/v2\/types\/post"}],"author":[{"embeddable":true,"href":"https:\/\/elreporterohgo.com\/noticias\/wp-json\/wp\/v2\/users\/2"}],"replies":[{"embeddable":true,"href":"https:\/\/elreporterohgo.com\/noticias\/wp-json\/wp\/v2\/comments?post=45196"}],"version-history":[{"count":1,"href":"https:\/\/elreporterohgo.com\/noticias\/wp-json\/wp\/v2\/posts\/45196\/revisions"}],"predecessor-version":[{"id":45198,"href":"https:\/\/elreporterohgo.com\/noticias\/wp-json\/wp\/v2\/posts\/45196\/revisions\/45198"}],"wp:featuredmedia":[{"embeddable":true,"href":"https:\/\/elreporterohgo.com\/noticias\/wp-json\/wp\/v2\/media\/45197"}],"wp:attachment":[{"href":"https:\/\/elreporterohgo.com\/noticias\/wp-json\/wp\/v2\/media?parent=45196"}],"wp:term":[{"taxonomy":"category","embeddable":true,"href":"https:\/\/elreporterohgo.com\/noticias\/wp-json\/wp\/v2\/categories?post=45196"},{"taxonomy":"post_tag","embeddable":true,"href":"https:\/\/elreporterohgo.com\/noticias\/wp-json\/wp\/v2\/tags?post=45196"}],"curies":[{"name":"wp","href":"https:\/\/api.w.org\/{rel}","templated":true}]}}