{"id":45193,"date":"2021-12-18T02:43:31","date_gmt":"2021-12-18T08:43:31","guid":{"rendered":"https:\/\/elreporterohgo.com\/noticias\/?p=45193"},"modified":"2021-12-18T02:43:32","modified_gmt":"2021-12-18T08:43:32","slug":"en-operacion-un-pozo-de-agua-potable","status":"publish","type":"post","link":"https:\/\/elreporterohgo.com\/noticias\/2021\/12\/18\/en-operacion-un-pozo-de-agua-potable\/","title":{"rendered":"En operaci\u00f3n un pozo de agua potable"},"content":{"rendered":"\n<figure class=\"wp-block-image\"><img fetchpriority=\"high\" decoding=\"async\" width=\"1024\" height=\"768\" src=\"https::\/\/elreporterohgo.com\/noticias\/wp-content\/uploads\/2021\/12\/unnamed-2021-12-18T023946.935-1024x768.jpg\" alt=\"\" class=\"wp-image-45194\" srcset=\"https:\/\/elreporterohgo.com\/noticias\/wp-content\/uploads\/2021\/12\/unnamed-2021-12-18T023946.935-1024x768.jpg 1024w, https:\/\/elreporterohgo.com\/noticias\/wp-content\/uploads\/2021\/12\/unnamed-2021-12-18T023946.935-300x225.jpg 300w, https:\/\/elreporterohgo.com\/noticias\/wp-content\/uploads\/2021\/12\/unnamed-2021-12-18T023946.935-768x576.jpg 768w, https:\/\/elreporterohgo.com\/noticias\/wp-content\/uploads\/2021\/12\/unnamed-2021-12-18T023946.935.jpg 1280w\" sizes=\"(max-width: 1024px) 100vw, 1024px\" \/><\/figure>\n\n\n\n<p>El\nArenal, Hgo.- El gobernador Omar Fayad puso en marcha la operaci\u00f3n de un de un\npozo de agua potable en El Arenal, obra con una inversi\u00f3n de superior a los 2\nmillones de pesos que beneficiar\u00e1 de manera directa a m\u00e1s de 5,600 personas que\nhabitan las comunidades El Meje, 20 de Noviembre y en la cabecera municipal.<\/p>\n\n\n\n<p>El agua\npotable es un recurso que, conforme avanzan los a\u00f1os y el cambio clim\u00e1tico,\nadquiere m\u00e1s valor para la poblaci\u00f3n, de tal forma que las fuentes de donde se extrae\nel recurso h\u00eddrico, cada vez se diversifican y se ampl\u00edan, ya que no es tan\nsencillo obtener agua hoy, como lo era hace a\u00f1os, sostuvo el mandatario.<\/p>\n\n\n\n<p>La obra impactar\u00e1\nde manera positiva a las familias del municipio porque tres \u00f3rdenes de gobierno\ndecidieron sumar esfuerzos por la poblaci\u00f3n, dijo. <\/p>\n\n\n\n<p>Los\nhidalguenses tienen derecho a contar una vivienda digna, a servicios de agua\npotable, electricidad, drenaje, alcantarillado y pisos firmes, que son unas de\nlas formas mediante la cuales se sigue mejorando la calidad de vida en los\nhogares en la entidad, refiri\u00f3.<\/p>\n","protected":false},"excerpt":{"rendered":"<p>El Arenal, Hgo.- El gobernador Omar Fayad puso en marcha la operaci\u00f3n de un de un pozo de agua potable en El Arenal, obra con una inversi\u00f3n de superior a los 2 millones de pesos que beneficiar\u00e1 de manera directa a m\u00e1s de 5,600 personas que habitan las comunidades El Meje, 20 de Noviembre y<\/p>\n","protected":false},"author":2,"featured_media":45194,"comment_status":"open","ping_status":"closed","sticky":false,"template":"","format":"standard","meta":{"footnotes":""},"categories":[10],"tags":[],"class_list":{"0":"post-45193","1":"post","2":"type-post","3":"status-publish","4":"format-standard","5":"has-post-thumbnail","7":"category-hidalgo"},"_links":{"self":[{"href":"https:\/\/elreporterohgo.com\/noticias\/wp-json\/wp\/v2\/posts\/45193","targetHints":{"allow":["GET"]}}],"collection":[{"href":"https:\/\/elreporterohgo.com\/noticias\/wp-json\/wp\/v2\/posts"}],"about":[{"href":"https:\/\/elreporterohgo.com\/noticias\/wp-json\/wp\/v2\/types\/post"}],"author":[{"embeddable":true,"href":"https:\/\/elreporterohgo.com\/noticias\/wp-json\/wp\/v2\/users\/2"}],"replies":[{"embeddable":true,"href":"https:\/\/elreporterohgo.com\/noticias\/wp-json\/wp\/v2\/comments?post=45193"}],"version-history":[{"count":1,"href":"https:\/\/elreporterohgo.com\/noticias\/wp-json\/wp\/v2\/posts\/45193\/revisions"}],"predecessor-version":[{"id":45195,"href":"https:\/\/elreporterohgo.com\/noticias\/wp-json\/wp\/v2\/posts\/45193\/revisions\/45195"}],"wp:featuredmedia":[{"embeddable":true,"href":"https:\/\/elreporterohgo.com\/noticias\/wp-json\/wp\/v2\/media\/45194"}],"wp:attachment":[{"href":"https:\/\/elreporterohgo.com\/noticias\/wp-json\/wp\/v2\/media?parent=45193"}],"wp:term":[{"taxonomy":"category","embeddable":true,"href":"https:\/\/elreporterohgo.com\/noticias\/wp-json\/wp\/v2\/categories?post=45193"},{"taxonomy":"post_tag","embeddable":true,"href":"https:\/\/elreporterohgo.com\/noticias\/wp-json\/wp\/v2\/tags?post=45193"}],"curies":[{"name":"wp","href":"https:\/\/api.w.org\/{rel}","templated":true}]}}