{"id":45187,"date":"2021-12-18T02:08:10","date_gmt":"2021-12-18T08:08:10","guid":{"rendered":"https:\/\/elreporterohgo.com\/noticias\/?p=45187"},"modified":"2021-12-18T02:08:11","modified_gmt":"2021-12-18T08:08:11","slug":"%ef%bb%bfimss-nombra-a-nuevo-titular-de-la-oficina-de-representacion-en-hidalgo","status":"publish","type":"post","link":"https:\/\/elreporterohgo.com\/noticias\/2021\/12\/18\/%ef%bb%bfimss-nombra-a-nuevo-titular-de-la-oficina-de-representacion-en-hidalgo\/","title":{"rendered":"\ufeffIMSS nombra a nuevo titular de la Oficina de Representaci\u00f3n en Hidalgo"},"content":{"rendered":"\n<p><strong>I<\/strong><\/p>\n\n\n\n<figure class=\"wp-block-image\"><img fetchpriority=\"high\" decoding=\"async\" width=\"1024\" height=\"683\" src=\"https::\/\/elreporterohgo.com\/noticias\/wp-content\/uploads\/2021\/12\/A910105-1024x683.jpg\" alt=\"\" class=\"wp-image-45188\" srcset=\"https:\/\/elreporterohgo.com\/noticias\/wp-content\/uploads\/2021\/12\/A910105-1024x683.jpg 1024w, https:\/\/elreporterohgo.com\/noticias\/wp-content\/uploads\/2021\/12\/A910105-300x200.jpg 300w, https:\/\/elreporterohgo.com\/noticias\/wp-content\/uploads\/2021\/12\/A910105-768x512.jpg 768w\" sizes=\"(max-width: 1024px) 100vw, 1024px\" \/><\/figure>\n\n\n\n<p><strong>\u00ad<\/strong><\/p>\n\n\n\n<ul class=\"wp-block-list\"><li><strong>El doctor\nJos\u00e9 Luis Aranza Aguilar rindi\u00f3 protesta <\/strong><strong>ante el H. Consejo T\u00e9cnico<\/strong><strong>, quien\nentra en funciones a partir de este 16 de diciembre.<\/strong><strong><\/strong><\/li><li><strong>El director\ngeneral del Seguro Social, Maestro Zo\u00e9 Robledo, dese\u00f3 \u00e9xito en su encargo al\nfrente de la Representaci\u00f3n del IMSS en Hidalgo<\/strong><\/li><\/ul>\n\n\n\n<p>En sesi\u00f3n ordinaria del H. Consejo T\u00e9cnico del Instituto\nMexicano del Seguro Social (IMSS), se aprob\u00f3 el nombramiento del doctor Jos\u00e9\nLuis Aranza Aguilar, como Titular del \u00d3rgano de Operaci\u00f3n Administrativa\nDesconcentrada (TOOAD) Estatal de Hidalgo, quien rindi\u00f3 protesta a su cargo\ndurante la reuni\u00f3n.&nbsp; <\/p>\n\n\n\n<p>El Director General del IMSS, Maestro Zo\u00e9 Robledo, tom\u00f3\nprotesta al m\u00e9dico Aranza Aguilar y le dese\u00f3 \u00e9xito en su asignaci\u00f3n al frente\ndel \u00d3rgano de Operaci\u00f3n Administrativa Desconcentrada (OOAD) &nbsp;Estatal Hidalgo, en la cual comenzar\u00e1 a operar\na partir del 16 de diciembre. <\/p>\n\n\n\n<p>Expres\u00f3 su reconocimiento al m\u00e9dico designado, quien\nparticip\u00f3 en el Concurso de Oposici\u00f3n para la selecci\u00f3n a los Representantes\ndel IMSS en los estados. De igual forma, se hizo un reconocimiento al doctor\nFernando L\u00f3pez G\u00f3mez, quien fue encargado del despacho en el OOAD Estatal\nHidalgo.<\/p>\n\n\n\n<p>Luego de rendir protesta, el m\u00e9dico Jos\u00e9 Luis Aranza\nAguilar se comprometi\u00f3 a otorgar su experiencia y trabajar para ofrecer un\nservicio con calidad, con el objetivo de promocionar la salud y prevenir de\nenfermedades a los derechohabientes.<\/p>\n\n\n\n<p>Se\u00f1al\u00f3 que se vigilar\u00e1 el presupuesto, reforzar\u00e1 el orden\ny equilibrio financiero, seguir\u00e1n los protocolos de protecci\u00f3n civil, se\npromover\u00e1n las prestaciones econ\u00f3micas y sociales, se otorgar\u00e1 atenci\u00f3n a\ngrupos vulnerables y se fortalecer\u00e1 la equidad de g\u00e9nero.<\/p>\n\n\n\n<p>El doctor Aranza Aguilar subray\u00f3 que la transparencia,\nrendici\u00f3n de cuentas y atender las necesidades de la poblaci\u00f3n hidalguense son\nprioridades para su gesti\u00f3n, porque \u201cel IMSS significa protecci\u00f3n y refugio\npara los mexicanos\u201d. <\/p>\n\n\n\n<p><strong>Trayectoria\nprofesional<\/strong><\/p>\n\n\n\n<p>El doctor Aranza Aguilar es egresado de la Universidad\nAut\u00f3noma de Puebla como M\u00e9dico Cirujano Partero, se especializ\u00f3 en Medicina\nInterna en el Hospital de Especialidades del Centro M\u00e9dico Nacional (CMN) Siglo\nXXI, posteriormente realiz\u00f3 la especialidad de Cardiolog\u00eda en el Instituto\nNacional de Cardiolog\u00eda \u201cIgnacio Ch\u00e1vez\u201d.<\/p>\n\n\n\n<p>Es egresado de la Maestr\u00eda en Administraci\u00f3n de\nHospitales y Salud P\u00fablica, del Instituto de Estudios Superiores en\nAdministraci\u00f3n P\u00fablica, donde curs\u00f3 estudios de Doctorado en Administraci\u00f3n\nP\u00fablica. Adem\u00e1s ha realizado diversos diplomados en Administraci\u00f3n. <\/p>\n\n\n\n<p>Previo a su nombramiento de TOOAD e Estatal Tlaxcala, se\ndesempe\u00f1\u00f3 como jefe de Servicios de Prestaciones M\u00e9dicas en la Delegaci\u00f3n\nCiudad de M\u00e9xico Sur, director del Hospital General Regional (HGR) No. 1\n\u201cCarlos Mac Gregor S\u00e1nchez Navarro\u201d en la capital del pa\u00eds, y del Hospital\nGeneral de Zona (HGZ) No. 32 de la Ciudad de M\u00e9xico Sur.<\/p>\n\n\n\n<p>Durante la sesi\u00f3n ordinaria del H. Consejo T\u00e9cnico\nestuvieron presentes los consejeros del sector obrero: Jos\u00e9 Luis Carazo\nPreciado de la Confederaci\u00f3n de Trabajadores de M\u00e9xico (CTM); Rodolfo Gerardo\nGonz\u00e1lez Guzm\u00e1n, secretario general de la Confederaci\u00f3n Regional Obrera\nMexicana (CROM); Jos\u00e9 No\u00e9 Mario Moreno Carbajal, Confederaci\u00f3n Revolucionaria\nde Obreros y Campesinos (CROC); y Sergio Beltr\u00e1n Reyes, Sindicato Nacional de\nTrabajadores Mineros, Metal\u00fargicos, Sider\u00fargicos y Similares de la Rep\u00fablica Mexicana\n(SNTMMSSRM).<\/p>\n\n\n\n<p>Y en representaci\u00f3n del sector patronal, Jose Abugaber\nAndonie, presidente de la Confederaci\u00f3n de C\u00e1maras industriales de los Estados\nUnidos Mexicanos (CONCAMIN); Salom\u00f3n Presburger Slovik y Manuel Reguera\nRodr\u00edguez, representantes propietarios por la CONCAMIN; Ricardo David Garc\u00eda\nPortilla, consejero suplente del sector patronal (CONCAMIN); Jos\u00e9 H\u00e9ctor Tejada\nShaar, presidente de la Confederaci\u00f3n de C\u00e1maras Nacionales de Comercio,\nServicios y Turismo (CONCANACO-SERVYTUR); y Jorge D\u00e1vila Gir\u00f3n, consejero\nsuplente de la CONCANACO-SERVYTUR. Y Marcos Bucio M\u00fajica, secretario general\ndel IMSS. <\/p>\n\n\n\n<p>De manera virtual participaron de la representaci\u00f3n\ngubernamental, Mar\u00eda Luisa Alcalde Luj\u00e1n, titular de la Secretar\u00eda de Trabajo y\nPrevisi\u00f3n Social (STPS); y como invitada Paola Patricia Cerda Sauvage, delegada\ny comisaria p\u00fablica propietaria de la Coordinaci\u00f3n General de \u00d3rganos de\nVigilancia y Control de la Secretar\u00eda de la Funci\u00f3n P\u00fablica (SFP); y Luisa\nObrador Garrido Cuesta, titular de la Unidad de Evaluaci\u00f3n de \u00d3rganos\nDesconcentrados.<\/p>\n\n\n\n<p><strong>&#8212;o0o&#8212;<\/strong><\/p>\n","protected":false},"excerpt":{"rendered":"<p>I \u00ad El doctor Jos\u00e9 Luis Aranza Aguilar rindi\u00f3 protesta ante el H. Consejo T\u00e9cnico, quien entra en funciones a partir de este 16 de diciembre. El director general del Seguro Social, Maestro Zo\u00e9 Robledo, dese\u00f3 \u00e9xito en su encargo al frente de la Representaci\u00f3n del IMSS en Hidalgo En sesi\u00f3n ordinaria del H. Consejo<\/p>\n","protected":false},"author":2,"featured_media":45188,"comment_status":"open","ping_status":"closed","sticky":false,"template":"","format":"standard","meta":{"footnotes":""},"categories":[10],"tags":[],"class_list":{"0":"post-45187","1":"post","2":"type-post","3":"status-publish","4":"format-standard","5":"has-post-thumbnail","7":"category-hidalgo"},"_links":{"self":[{"href":"https:\/\/elreporterohgo.com\/noticias\/wp-json\/wp\/v2\/posts\/45187","targetHints":{"allow":["GET"]}}],"collection":[{"href":"https:\/\/elreporterohgo.com\/noticias\/wp-json\/wp\/v2\/posts"}],"about":[{"href":"https:\/\/elreporterohgo.com\/noticias\/wp-json\/wp\/v2\/types\/post"}],"author":[{"embeddable":true,"href":"https:\/\/elreporterohgo.com\/noticias\/wp-json\/wp\/v2\/users\/2"}],"replies":[{"embeddable":true,"href":"https:\/\/elreporterohgo.com\/noticias\/wp-json\/wp\/v2\/comments?post=45187"}],"version-history":[{"count":1,"href":"https:\/\/elreporterohgo.com\/noticias\/wp-json\/wp\/v2\/posts\/45187\/revisions"}],"predecessor-version":[{"id":45189,"href":"https:\/\/elreporterohgo.com\/noticias\/wp-json\/wp\/v2\/posts\/45187\/revisions\/45189"}],"wp:featuredmedia":[{"embeddable":true,"href":"https:\/\/elreporterohgo.com\/noticias\/wp-json\/wp\/v2\/media\/45188"}],"wp:attachment":[{"href":"https:\/\/elreporterohgo.com\/noticias\/wp-json\/wp\/v2\/media?parent=45187"}],"wp:term":[{"taxonomy":"category","embeddable":true,"href":"https:\/\/elreporterohgo.com\/noticias\/wp-json\/wp\/v2\/categories?post=45187"},{"taxonomy":"post_tag","embeddable":true,"href":"https:\/\/elreporterohgo.com\/noticias\/wp-json\/wp\/v2\/tags?post=45187"}],"curies":[{"name":"wp","href":"https:\/\/api.w.org\/{rel}","templated":true}]}}