{"id":45177,"date":"2021-12-17T11:18:07","date_gmt":"2021-12-17T17:18:07","guid":{"rendered":"https:\/\/elreporterohgo.com\/noticias\/?p=45177"},"modified":"2021-12-17T11:18:08","modified_gmt":"2021-12-17T17:18:08","slug":"en-policia-asume-mando-coordinado-municipio-de-nicolas-flores","status":"publish","type":"post","link":"https:\/\/elreporterohgo.com\/noticias\/2021\/12\/17\/en-policia-asume-mando-coordinado-municipio-de-nicolas-flores\/","title":{"rendered":"En Polic\u00eda, asume Mando Coordinado municipio de Nicol\u00e1s Flores"},"content":{"rendered":"\n<figure class=\"wp-block-image\"><img fetchpriority=\"high\" decoding=\"async\" width=\"1024\" height=\"682\" src=\"https::\/\/elreporterohgo.com\/noticias\/wp-content\/uploads\/2021\/12\/b1675f40-fdff-4065-9fd1-32d330211fe4-1024x682.jpg\" alt=\"\" class=\"wp-image-45178\" srcset=\"https:\/\/elreporterohgo.com\/noticias\/wp-content\/uploads\/2021\/12\/b1675f40-fdff-4065-9fd1-32d330211fe4-1024x682.jpg 1024w, https:\/\/elreporterohgo.com\/noticias\/wp-content\/uploads\/2021\/12\/b1675f40-fdff-4065-9fd1-32d330211fe4-300x200.jpg 300w, https:\/\/elreporterohgo.com\/noticias\/wp-content\/uploads\/2021\/12\/b1675f40-fdff-4065-9fd1-32d330211fe4-768x512.jpg 768w, https:\/\/elreporterohgo.com\/noticias\/wp-content\/uploads\/2021\/12\/b1675f40-fdff-4065-9fd1-32d330211fe4.jpg 1280w\" sizes=\"(max-width: 1024px) 100vw, 1024px\" \/><\/figure>\n\n\n\n<figure class=\"wp-block-image\"><img decoding=\"async\" width=\"1024\" height=\"682\" src=\"https::\/\/elreporterohgo.com\/noticias\/wp-content\/uploads\/2021\/12\/a127a86a-5230-48b2-92f0-e5b7dcb7acb4-1024x682.jpg\" alt=\"\" class=\"wp-image-45179\" srcset=\"https:\/\/elreporterohgo.com\/noticias\/wp-content\/uploads\/2021\/12\/a127a86a-5230-48b2-92f0-e5b7dcb7acb4-1024x682.jpg 1024w, https:\/\/elreporterohgo.com\/noticias\/wp-content\/uploads\/2021\/12\/a127a86a-5230-48b2-92f0-e5b7dcb7acb4-300x200.jpg 300w, https:\/\/elreporterohgo.com\/noticias\/wp-content\/uploads\/2021\/12\/a127a86a-5230-48b2-92f0-e5b7dcb7acb4-768x512.jpg 768w, https:\/\/elreporterohgo.com\/noticias\/wp-content\/uploads\/2021\/12\/a127a86a-5230-48b2-92f0-e5b7dcb7acb4.jpg 1280w\" sizes=\"(max-width: 1024px) 100vw, 1024px\" \/><\/figure>\n\n\n\n<p>Nicol\u00e1s Flores, Hgo.- Con la llegada del agente de Polic\u00eda Estatal, Federico Rivas L\u00f3pez, como director de Seguridad P\u00fablica Municipal, Nicol\u00e1s Flores se suma al Mando Coordinado, integrado de manera colegiada desde el Gobierno de Hidalgo y los Ayuntamientos.<\/p>\n\n\n\n<p>La presentaci\u00f3n del nuevo titular de seguridad en esta demarcaci\u00f3n corri\u00f3 a cargo de la presidenta municipal, Marcela Isidro Garc\u00eda, y del comisario general de la Agencia de Seguridad Estatal, Uriel Moreno Castro, quien asisti\u00f3 a la ceremonia con la representaci\u00f3n del secretario Mauricio Delmar Saavedra.<\/p>\n\n\n\n<p>El jefe policial se\u00f1al\u00f3 que es de suma relevancia para la Agencia de Seguridad Estatal que si bien Nicol\u00e1s Flores no est\u00e1 considerado como un municipio con alta incidencia delictiva, el prop\u00f3sito es mantenerlo en los niveles m\u00e1s bajos, por lo que reconoci\u00f3 el trabajo de las autoridades locales mediante la alcaldesa y el Cabildo para impulsar acciones concretas en la materia mediante la suma de esfuerzos.<\/p>\n","protected":false},"excerpt":{"rendered":"<p>Nicol\u00e1s Flores, Hgo.- Con la llegada del agente de Polic\u00eda Estatal, Federico Rivas L\u00f3pez, como director de Seguridad P\u00fablica Municipal, Nicol\u00e1s Flores se suma al Mando Coordinado, integrado de manera colegiada desde el Gobierno de Hidalgo y los Ayuntamientos. La presentaci\u00f3n del nuevo titular de seguridad en esta demarcaci\u00f3n corri\u00f3 a cargo de la presidenta<\/p>\n","protected":false},"author":2,"featured_media":45178,"comment_status":"open","ping_status":"closed","sticky":false,"template":"","format":"standard","meta":{"footnotes":""},"categories":[10],"tags":[],"class_list":{"0":"post-45177","1":"post","2":"type-post","3":"status-publish","4":"format-standard","5":"has-post-thumbnail","7":"category-hidalgo"},"_links":{"self":[{"href":"https:\/\/elreporterohgo.com\/noticias\/wp-json\/wp\/v2\/posts\/45177","targetHints":{"allow":["GET"]}}],"collection":[{"href":"https:\/\/elreporterohgo.com\/noticias\/wp-json\/wp\/v2\/posts"}],"about":[{"href":"https:\/\/elreporterohgo.com\/noticias\/wp-json\/wp\/v2\/types\/post"}],"author":[{"embeddable":true,"href":"https:\/\/elreporterohgo.com\/noticias\/wp-json\/wp\/v2\/users\/2"}],"replies":[{"embeddable":true,"href":"https:\/\/elreporterohgo.com\/noticias\/wp-json\/wp\/v2\/comments?post=45177"}],"version-history":[{"count":1,"href":"https:\/\/elreporterohgo.com\/noticias\/wp-json\/wp\/v2\/posts\/45177\/revisions"}],"predecessor-version":[{"id":45180,"href":"https:\/\/elreporterohgo.com\/noticias\/wp-json\/wp\/v2\/posts\/45177\/revisions\/45180"}],"wp:featuredmedia":[{"embeddable":true,"href":"https:\/\/elreporterohgo.com\/noticias\/wp-json\/wp\/v2\/media\/45178"}],"wp:attachment":[{"href":"https:\/\/elreporterohgo.com\/noticias\/wp-json\/wp\/v2\/media?parent=45177"}],"wp:term":[{"taxonomy":"category","embeddable":true,"href":"https:\/\/elreporterohgo.com\/noticias\/wp-json\/wp\/v2\/categories?post=45177"},{"taxonomy":"post_tag","embeddable":true,"href":"https:\/\/elreporterohgo.com\/noticias\/wp-json\/wp\/v2\/tags?post=45177"}],"curies":[{"name":"wp","href":"https:\/\/api.w.org\/{rel}","templated":true}]}}