{"id":45174,"date":"2021-12-16T19:36:50","date_gmt":"2021-12-17T01:36:50","guid":{"rendered":"https:\/\/elreporterohgo.com\/noticias\/?p=45174"},"modified":"2021-12-16T19:36:51","modified_gmt":"2021-12-17T01:36:51","slug":"motociclista-herido-al-atropellar-a-una-vaca","status":"publish","type":"post","link":"https:\/\/elreporterohgo.com\/noticias\/2021\/12\/16\/motociclista-herido-al-atropellar-a-una-vaca\/","title":{"rendered":"Motociclista herido al atropellar a una vaca"},"content":{"rendered":"\n<figure class=\"wp-block-image\"><img fetchpriority=\"high\" decoding=\"async\" width=\"800\" height=\"562\" src=\"https::\/\/elreporterohgo.com\/noticias\/wp-content\/uploads\/2021\/12\/d9788e6c-4361-4fcf-bee6-f97878a041bd-3.jpg\" alt=\"\" class=\"wp-image-45175\" srcset=\"https:\/\/elreporterohgo.com\/noticias\/wp-content\/uploads\/2021\/12\/d9788e6c-4361-4fcf-bee6-f97878a041bd-3.jpg 800w, https:\/\/elreporterohgo.com\/noticias\/wp-content\/uploads\/2021\/12\/d9788e6c-4361-4fcf-bee6-f97878a041bd-3-300x211.jpg 300w, https:\/\/elreporterohgo.com\/noticias\/wp-content\/uploads\/2021\/12\/d9788e6c-4361-4fcf-bee6-f97878a041bd-3-768x540.jpg 768w\" sizes=\"(max-width: 800px) 100vw, 800px\" \/><\/figure>\n\n\n\n<p>El animal muri\u00f3 en el lugar del accidente<\/p>\n\n\n\n<p>Por Juan Sabino Cruz<\/p>\n\n\n\n<p>Pachuca, Hgo.- Un motociclista resulto herido al impactar su\nmotocicleta contra una vaca, esta noche, en la carretera Pachuca-Ciudad\nSahag\u00fan, a la altura de la CAASIM.<\/p>\n\n\n\n<p>Seguidores de EL REPORTERO informaron que minutos despu\u00e9s de\nlas 19 horas de hoy, ocurri\u00f3 el accidente cuando un motociclista que pasaba por\nel lugar se encontr\u00f3 con \u201cdespistada\u201d vaca que caminaba por la v\u00eda de\ncomunicaci\u00f3n.<\/p>\n\n\n\n<p>Presuntamente, el motociclista de nombre Jes\u00fas, de 23 a\u00f1os,\nno pudo evitar el impacto, atropello a la res que sufri\u00f3 una muerte instant\u00e1nea.<\/p>\n\n\n\n<p>Param\u00e9dicos de la Cruz Roja prestaron atenci\u00f3n al\ninfortunado motociclista que fue trasladado a un nosocomio para recibir\natenci\u00f3n m\u00e9dica. Se espera que pronto retiren la vaca que al parecer es de\nregistro en virtud que tra\u00eda arete.<\/p>\n","protected":false},"excerpt":{"rendered":"<p>El animal muri\u00f3 en el lugar del accidente Por Juan Sabino Cruz Pachuca, Hgo.- Un motociclista resulto herido al impactar su motocicleta contra una vaca, esta noche, en la carretera Pachuca-Ciudad Sahag\u00fan, a la altura de la CAASIM. Seguidores de EL REPORTERO informaron que minutos despu\u00e9s de las 19 horas de hoy, ocurri\u00f3 el accidente<\/p>\n","protected":false},"author":2,"featured_media":45175,"comment_status":"open","ping_status":"closed","sticky":false,"template":"","format":"standard","meta":{"footnotes":""},"categories":[10],"tags":[],"class_list":{"0":"post-45174","1":"post","2":"type-post","3":"status-publish","4":"format-standard","5":"has-post-thumbnail","7":"category-hidalgo"},"_links":{"self":[{"href":"https:\/\/elreporterohgo.com\/noticias\/wp-json\/wp\/v2\/posts\/45174","targetHints":{"allow":["GET"]}}],"collection":[{"href":"https:\/\/elreporterohgo.com\/noticias\/wp-json\/wp\/v2\/posts"}],"about":[{"href":"https:\/\/elreporterohgo.com\/noticias\/wp-json\/wp\/v2\/types\/post"}],"author":[{"embeddable":true,"href":"https:\/\/elreporterohgo.com\/noticias\/wp-json\/wp\/v2\/users\/2"}],"replies":[{"embeddable":true,"href":"https:\/\/elreporterohgo.com\/noticias\/wp-json\/wp\/v2\/comments?post=45174"}],"version-history":[{"count":1,"href":"https:\/\/elreporterohgo.com\/noticias\/wp-json\/wp\/v2\/posts\/45174\/revisions"}],"predecessor-version":[{"id":45176,"href":"https:\/\/elreporterohgo.com\/noticias\/wp-json\/wp\/v2\/posts\/45174\/revisions\/45176"}],"wp:featuredmedia":[{"embeddable":true,"href":"https:\/\/elreporterohgo.com\/noticias\/wp-json\/wp\/v2\/media\/45175"}],"wp:attachment":[{"href":"https:\/\/elreporterohgo.com\/noticias\/wp-json\/wp\/v2\/media?parent=45174"}],"wp:term":[{"taxonomy":"category","embeddable":true,"href":"https:\/\/elreporterohgo.com\/noticias\/wp-json\/wp\/v2\/categories?post=45174"},{"taxonomy":"post_tag","embeddable":true,"href":"https:\/\/elreporterohgo.com\/noticias\/wp-json\/wp\/v2\/tags?post=45174"}],"curies":[{"name":"wp","href":"https:\/\/api.w.org\/{rel}","templated":true}]}}