{"id":45171,"date":"2021-12-16T19:07:53","date_gmt":"2021-12-17T01:07:53","guid":{"rendered":"https:\/\/elreporterohgo.com\/noticias\/?p=45171"},"modified":"2021-12-16T19:07:54","modified_gmt":"2021-12-17T01:07:54","slug":"diputados-atienden-a-representantes-de-diversos-municipios-de-hidalgo","status":"publish","type":"post","link":"https:\/\/elreporterohgo.com\/noticias\/2021\/12\/16\/diputados-atienden-a-representantes-de-diversos-municipios-de-hidalgo\/","title":{"rendered":"Diputados atienden a  representantes de diversos municipios de Hidalgo"},"content":{"rendered":"\n<figure class=\"wp-block-image\"><img fetchpriority=\"high\" decoding=\"async\" width=\"1024\" height=\"682\" src=\"https::\/\/elreporterohgo.com\/noticias\/wp-content\/uploads\/2021\/12\/Atenci\u00f3n-a-representantes-del-Valle-del-Mezquital-1-1024x682.jpg\" alt=\"\" class=\"wp-image-45172\" srcset=\"https:\/\/elreporterohgo.com\/noticias\/wp-content\/uploads\/2021\/12\/Atenci\u00f3n-a-representantes-del-Valle-del-Mezquital-1-1024x682.jpg 1024w, https:\/\/elreporterohgo.com\/noticias\/wp-content\/uploads\/2021\/12\/Atenci\u00f3n-a-representantes-del-Valle-del-Mezquital-1-300x200.jpg 300w, https:\/\/elreporterohgo.com\/noticias\/wp-content\/uploads\/2021\/12\/Atenci\u00f3n-a-representantes-del-Valle-del-Mezquital-1-768x512.jpg 768w, https:\/\/elreporterohgo.com\/noticias\/wp-content\/uploads\/2021\/12\/Atenci\u00f3n-a-representantes-del-Valle-del-Mezquital-1.jpg 1280w\" sizes=\"(max-width: 1024px) 100vw, 1024px\" \/><\/figure>\n\n\n\n<p>L\u00edderes de diferentes entidades del Estado de Hidalgo, se reunieron en la Torre Legislativa del Congreso de la entidad, con el diputado Jos\u00e9 Antonio Hern\u00e1ndez Vera, secretario de la Primera Comisi\u00f3n Permanente de Hacienda y Presupuesto, y Guillermo Gardu\u00f1o Aguilar director general de la Junta de Gobierno, para dialogar sobre la asignaci\u00f3n de presupuesto a varios proyectos de obra p\u00fablica.<\/p>\n\n\n\n<p>Los comisionados procedentes de localidades del Valle del Mezquital, solicitaron ser tomados en cuenta para la asignaci\u00f3n del presupuesto 2022.<\/p>\n\n\n\n<p>Derivado de la falta de apoyo por parte de las autoridades del Gobierno del Estado, los pobladores se\u00f1alaron, \u201cPedimos su atenci\u00f3n, vemos la oportunidad en esta nueva legislatura, nosotros queremos ayudar a la gente y lo m\u00e1s importante es el di\u00e1logo\u201d.<\/p>\n\n\n\n<p>El diputado Antonio Hern\u00e1ndez Vera, indic\u00f3, \u201cEstamos trabajando de manera responsable, vamos a atender a todos los hidalguenses y hablaremos con la verdad, nuestra comisi\u00f3n no toma decisiones solas, son colegiadas en beneficio de nuestro estado\u201d.<\/p>\n\n\n\n<p>Finalmente, fue acordado entre ambas partes presentar la informaci\u00f3n dada por los representantes municipales con las y los diputados integrantes de la Comisi\u00f3n de Hacienda y Presupuesto, as\u00ed como llevar a cabo una reuni\u00f3n en los pr\u00f3ximos d\u00edas para dar seguimiento a sus demandas.&nbsp;<\/p>\n\n\n\n<p><\/p>\n\n\n\n<p><\/p>\n","protected":false},"excerpt":{"rendered":"<p>L\u00edderes de diferentes entidades del Estado de Hidalgo, se reunieron en la Torre Legislativa del Congreso de la entidad, con el diputado Jos\u00e9 Antonio Hern\u00e1ndez Vera, secretario de la Primera Comisi\u00f3n Permanente de Hacienda y Presupuesto, y Guillermo Gardu\u00f1o Aguilar director general de la Junta de Gobierno, para dialogar sobre la asignaci\u00f3n de presupuesto a<\/p>\n","protected":false},"author":2,"featured_media":45172,"comment_status":"open","ping_status":"closed","sticky":false,"template":"","format":"standard","meta":{"footnotes":""},"categories":[10],"tags":[],"class_list":{"0":"post-45171","1":"post","2":"type-post","3":"status-publish","4":"format-standard","5":"has-post-thumbnail","7":"category-hidalgo"},"_links":{"self":[{"href":"https:\/\/elreporterohgo.com\/noticias\/wp-json\/wp\/v2\/posts\/45171","targetHints":{"allow":["GET"]}}],"collection":[{"href":"https:\/\/elreporterohgo.com\/noticias\/wp-json\/wp\/v2\/posts"}],"about":[{"href":"https:\/\/elreporterohgo.com\/noticias\/wp-json\/wp\/v2\/types\/post"}],"author":[{"embeddable":true,"href":"https:\/\/elreporterohgo.com\/noticias\/wp-json\/wp\/v2\/users\/2"}],"replies":[{"embeddable":true,"href":"https:\/\/elreporterohgo.com\/noticias\/wp-json\/wp\/v2\/comments?post=45171"}],"version-history":[{"count":1,"href":"https:\/\/elreporterohgo.com\/noticias\/wp-json\/wp\/v2\/posts\/45171\/revisions"}],"predecessor-version":[{"id":45173,"href":"https:\/\/elreporterohgo.com\/noticias\/wp-json\/wp\/v2\/posts\/45171\/revisions\/45173"}],"wp:featuredmedia":[{"embeddable":true,"href":"https:\/\/elreporterohgo.com\/noticias\/wp-json\/wp\/v2\/media\/45172"}],"wp:attachment":[{"href":"https:\/\/elreporterohgo.com\/noticias\/wp-json\/wp\/v2\/media?parent=45171"}],"wp:term":[{"taxonomy":"category","embeddable":true,"href":"https:\/\/elreporterohgo.com\/noticias\/wp-json\/wp\/v2\/categories?post=45171"},{"taxonomy":"post_tag","embeddable":true,"href":"https:\/\/elreporterohgo.com\/noticias\/wp-json\/wp\/v2\/tags?post=45171"}],"curies":[{"name":"wp","href":"https:\/\/api.w.org\/{rel}","templated":true}]}}