{"id":45120,"date":"2021-12-14T21:21:52","date_gmt":"2021-12-15T03:21:52","guid":{"rendered":"https:\/\/elreporterohgo.com\/noticias\/?p=45120"},"modified":"2021-12-14T21:21:54","modified_gmt":"2021-12-15T03:21:54","slug":"camioneta-tornado-se-quemo-en-pleno-viaje","status":"publish","type":"post","link":"https:\/\/elreporterohgo.com\/noticias\/2021\/12\/14\/camioneta-tornado-se-quemo-en-pleno-viaje\/","title":{"rendered":"Camioneta tornado se quem\u00f3 en pleno viaje"},"content":{"rendered":"\n<figure class=\"wp-block-image\"><img fetchpriority=\"high\" decoding=\"async\" width=\"1024\" height=\"768\" src=\"https::\/\/elreporterohgo.com\/noticias\/wp-content\/uploads\/2021\/12\/e182a3e6-a5ac-4c46-9316-62d8c8a4902d-1024x768.jpg\" alt=\"\" class=\"wp-image-45121\" srcset=\"https:\/\/elreporterohgo.com\/noticias\/wp-content\/uploads\/2021\/12\/e182a3e6-a5ac-4c46-9316-62d8c8a4902d-1024x768.jpg 1024w, https:\/\/elreporterohgo.com\/noticias\/wp-content\/uploads\/2021\/12\/e182a3e6-a5ac-4c46-9316-62d8c8a4902d-300x225.jpg 300w, https:\/\/elreporterohgo.com\/noticias\/wp-content\/uploads\/2021\/12\/e182a3e6-a5ac-4c46-9316-62d8c8a4902d-768x576.jpg 768w, https:\/\/elreporterohgo.com\/noticias\/wp-content\/uploads\/2021\/12\/e182a3e6-a5ac-4c46-9316-62d8c8a4902d.jpg 1600w\" sizes=\"(max-width: 1024px) 100vw, 1024px\" \/><\/figure>\n\n\n\n<p>Todo qued\u00f3 en da\u00f1os materiales<\/p>\n\n\n\n<p>Tulancingo, Hgo.- Una camioneta compacta se incendi\u00f3 en\npleno viaje por supuesto corto circuito en el tanque de combustible, al final\ntodo quedo en tremendo susto y da\u00f1os materiales.<\/p>\n\n\n\n<p>Aproximadamente a las 19:15 horas de hoy, se report\u00f3 un incidente\nde tr\u00e1nsito en la carretera Pachuca \u2013 Tuxpan, tramo entronque libramiento\nTulancingo, en el municipio de Epazoyucan.<\/p>\n\n\n\n<p>Los uniformados dieron a conocer que el cami\u00f3n unitario\nligero marca Ford Tornado, color rojo, modelo 2011, matr\u00edcula HH5926F, se\nincendi\u00f3 al estar en marcha.<\/p>\n\n\n\n<p>El conductor expuso que todo se debi\u00f3 a un corto circuito en\nel tanque de combustible. <\/p>\n","protected":false},"excerpt":{"rendered":"<p>Todo qued\u00f3 en da\u00f1os materiales Tulancingo, Hgo.- Una camioneta compacta se incendi\u00f3 en pleno viaje por supuesto corto circuito en el tanque de combustible, al final todo quedo en tremendo susto y da\u00f1os materiales. Aproximadamente a las 19:15 horas de hoy, se report\u00f3 un incidente de tr\u00e1nsito en la carretera Pachuca \u2013 Tuxpan, tramo entronque<\/p>\n","protected":false},"author":2,"featured_media":45121,"comment_status":"open","ping_status":"closed","sticky":false,"template":"","format":"standard","meta":{"footnotes":""},"categories":[10],"tags":[],"class_list":{"0":"post-45120","1":"post","2":"type-post","3":"status-publish","4":"format-standard","5":"has-post-thumbnail","7":"category-hidalgo"},"_links":{"self":[{"href":"https:\/\/elreporterohgo.com\/noticias\/wp-json\/wp\/v2\/posts\/45120","targetHints":{"allow":["GET"]}}],"collection":[{"href":"https:\/\/elreporterohgo.com\/noticias\/wp-json\/wp\/v2\/posts"}],"about":[{"href":"https:\/\/elreporterohgo.com\/noticias\/wp-json\/wp\/v2\/types\/post"}],"author":[{"embeddable":true,"href":"https:\/\/elreporterohgo.com\/noticias\/wp-json\/wp\/v2\/users\/2"}],"replies":[{"embeddable":true,"href":"https:\/\/elreporterohgo.com\/noticias\/wp-json\/wp\/v2\/comments?post=45120"}],"version-history":[{"count":1,"href":"https:\/\/elreporterohgo.com\/noticias\/wp-json\/wp\/v2\/posts\/45120\/revisions"}],"predecessor-version":[{"id":45122,"href":"https:\/\/elreporterohgo.com\/noticias\/wp-json\/wp\/v2\/posts\/45120\/revisions\/45122"}],"wp:featuredmedia":[{"embeddable":true,"href":"https:\/\/elreporterohgo.com\/noticias\/wp-json\/wp\/v2\/media\/45121"}],"wp:attachment":[{"href":"https:\/\/elreporterohgo.com\/noticias\/wp-json\/wp\/v2\/media?parent=45120"}],"wp:term":[{"taxonomy":"category","embeddable":true,"href":"https:\/\/elreporterohgo.com\/noticias\/wp-json\/wp\/v2\/categories?post=45120"},{"taxonomy":"post_tag","embeddable":true,"href":"https:\/\/elreporterohgo.com\/noticias\/wp-json\/wp\/v2\/tags?post=45120"}],"curies":[{"name":"wp","href":"https:\/\/api.w.org\/{rel}","templated":true}]}}