{"id":45082,"date":"2021-12-13T13:38:48","date_gmt":"2021-12-13T19:38:48","guid":{"rendered":"https:\/\/elreporterohgo.com\/noticias\/?p=45082"},"modified":"2021-12-13T13:38:49","modified_gmt":"2021-12-13T19:38:49","slug":"%ef%bb%bfconcluye-periodo-para-solicitar-candidatura-independiente-por-la-gubernatura-2022","status":"publish","type":"post","link":"https:\/\/elreporterohgo.com\/noticias\/2021\/12\/13\/%ef%bb%bfconcluye-periodo-para-solicitar-candidatura-independiente-por-la-gubernatura-2022\/","title":{"rendered":"\ufeffConcluye periodo para solicitar candidatura Independiente por la Gubernatura 2022"},"content":{"rendered":"\n<figure class=\"wp-block-image\"><img fetchpriority=\"high\" decoding=\"async\" width=\"1024\" height=\"683\" src=\"https::\/\/elreporterohgo.com\/noticias\/wp-content\/uploads\/2021\/12\/2021-B135_12-1024x683.jpg\" alt=\"\" class=\"wp-image-45084\" srcset=\"https:\/\/elreporterohgo.com\/noticias\/wp-content\/uploads\/2021\/12\/2021-B135_12-1024x683.jpg 1024w, https:\/\/elreporterohgo.com\/noticias\/wp-content\/uploads\/2021\/12\/2021-B135_12-300x200.jpg 300w, https:\/\/elreporterohgo.com\/noticias\/wp-content\/uploads\/2021\/12\/2021-B135_12-768x512.jpg 768w\" sizes=\"(max-width: 1024px) 100vw, 1024px\" \/><\/figure>\n\n\n\n<p>Pachuca de Soto, Hgo.- El Consejo General del Instituto Estatal\nElectoral de Hidalgo aprob\u00f3, durante la Primera Sesi\u00f3n Extraordinaria del mes\nde diciembre, que 2 de las 8 personas que presentaron su Manifestaci\u00f3n de\nIntenci\u00f3n dentro del plazo establecido para obtener la calidad de aspirantes a\nuna Candidatura Independiente para contender por la renovaci\u00f3n de la\nGubernatura en 2022, comiencen a recabar el Apoyo Ciudadano, esto, seg\u00fan lo\nestablecido en la Convocatoria dirigida a la ciudadan\u00eda hidalguense que deseara\npostularse bajo esta figura de participaci\u00f3n en el Proceso Electoral Local\n2021-2022.<\/p>\n\n\n\n<p>Del 30 de octubre y hasta el d\u00eda 12 de diciembre, fue el periodo\nestablecido para la presentaci\u00f3n de la etapa de Manifestaci\u00f3n de Intenci\u00f3n, la\ncual fue atendida por 8 aspirantes. A partir de la recepci\u00f3n de su documentaci\u00f3n\ncorrespondiente, la Direcci\u00f3n Ejecutiva de Prerrogativas y Partidos Pol\u00edticos\nen colaboraci\u00f3n con la Direcci\u00f3n Ejecutiva Jur\u00eddica, efectuaron la verificaci\u00f3n\nde dicha Manifestaci\u00f3n y de la documentaci\u00f3n comprobatoria se\u00f1alada en el art\u00edculo\n224 del C\u00f3digo Electoral, 11 de las Reglas de Operaci\u00f3n y la establecida en la\nBase Cuarta, numeral 1 de la Convocatoria.<\/p>\n\n\n\n<p>De lo anterior, se desprendi\u00f3 que el C. Salvador Barcelo Villagr\u00e1n\nTorres y el C. S. Arturo Barraza Santill\u00e1n, quienes presentaron ante la Oficial\u00eda\nde Partes de este Instituto Electoral su Manifestaci\u00f3n de Intenci\u00f3n, re\u00fanen\ntodos y cada uno de los requisitos exigidos por la ley para ser aspirantes a\nCandidatos Independientes, por lo que result\u00f3 procedente la Manifestaci\u00f3n de\nIntenci\u00f3n y en consecuencia, se les deber\u00e1 entregar la constancia\ncorrespondiente.<\/p>\n\n\n\n<p>De manera que del 13 de diciembre de 2021 al 10 de febrero del 2022,\nlos 2 aspirantes tendr\u00e1n la oportunidad de reunir 65,002 firmas a trav\u00e9s de la\naplicaci\u00f3n m\u00f3vil del Instituto Nacional Electoral (INE) para que en caso de\nobtener este Apoyo Ciudadano, tengan posibilidad de solicitar a este \u00d3rgano\nElectoral, su registro como Candidatos Independientes.<\/p>\n\n\n\n<p>Por otro lado, derivado de la documentaci\u00f3n presentada por el C.\nRafael S\u00e1nchez Granados y C. Sinoh\u00e9 Trejo Hern\u00e1ndez, y pese a los\nrequerimientos realizados por esta Autoridad Administrativa para la entrega de\nla documentaci\u00f3n establecida, \u00e9sta no fue atendida, por lo que se tuvieron por\nno presentadas sus Manifestaciones de Intenci\u00f3n.<\/p>\n\n\n\n<p>En el caso del C. Pablo Apodaca Sinsel, se fij\u00f3 un plazo para que\nsubsane la documentaci\u00f3n solicitada; y sobre los C. Aldo Navarro Almaraz,\nArturo Copca Becerra y Francisco Berganza Escorza, es preciso destacar que\npresentaron ante la Oficial\u00eda de Partes de este Instituto su Manifestaci\u00f3n de\nIntenci\u00f3n en fechas 10 de diciembre de 2021 a las 14:42 horas, 12 de diciembre\nde 2021 a las 20:45 horas y 12 de diciembre de 2021 a las 23:44 horas, por lo que\nest\u00e1n sujetos a las etapas y actividades que debe realizar el Instituto para,\nen su caso, tenerles por acreditada su calidad de aspirantes y estas acciones\nde revisi\u00f3n podr\u00edan resultar en detrimento de los d\u00edas con los que cuentan para\nla obtenci\u00f3n del Apoyo Ciudadano sin que dicha circunstancia sea imputable a\neste Organismo Electoral. Dado lo anterior, el Consejo General se reserv\u00f3 la\nResoluci\u00f3n de la Manifestaci\u00f3n de Intenci\u00f3n de los 4 aspirantes. <\/p>\n\n\n\n<p>En otro orden de ideas, el Consejero Electoral Francisco Mart\u00ednez Ballesteros, en su calidad de Presidente de la Comisi\u00f3n Temporal de Precampa\u00f1as, present\u00f3 el Informe de dicha Comisi\u00f3n respecto de los m\u00e9todos de selecci\u00f3n interna de candidaturas de los Partidos Pol\u00edticos para el proceso de selecci\u00f3n de candidaturas a la Gubernatura del Estado de Hidalgo, resultando de la siguiente manera:<\/p>\n\n\n\n<figure class=\"wp-block-image\"><img decoding=\"async\" width=\"856\" height=\"1024\" src=\"https::\/\/elreporterohgo.com\/noticias\/wp-content\/uploads\/2021\/12\/0elec-2-856x1024.jpg\" alt=\"\" class=\"wp-image-45083\" srcset=\"https:\/\/elreporterohgo.com\/noticias\/wp-content\/uploads\/2021\/12\/0elec-2-856x1024.jpg 856w, https:\/\/elreporterohgo.com\/noticias\/wp-content\/uploads\/2021\/12\/0elec-2-251x300.jpg 251w, https:\/\/elreporterohgo.com\/noticias\/wp-content\/uploads\/2021\/12\/0elec-2-768x919.jpg 768w, https:\/\/elreporterohgo.com\/noticias\/wp-content\/uploads\/2021\/12\/0elec-2.jpg 1275w\" sizes=\"(max-width: 856px) 100vw, 856px\" \/><\/figure>\n","protected":false},"excerpt":{"rendered":"<p>Pachuca de Soto, Hgo.- El Consejo General del Instituto Estatal Electoral de Hidalgo aprob\u00f3, durante la Primera Sesi\u00f3n Extraordinaria del mes de diciembre, que 2 de las 8 personas que presentaron su Manifestaci\u00f3n de Intenci\u00f3n dentro del plazo establecido para obtener la calidad de aspirantes a una Candidatura Independiente para contender por la renovaci\u00f3n de<\/p>\n","protected":false},"author":2,"featured_media":45084,"comment_status":"open","ping_status":"closed","sticky":false,"template":"","format":"standard","meta":{"footnotes":""},"categories":[10],"tags":[],"class_list":{"0":"post-45082","1":"post","2":"type-post","3":"status-publish","4":"format-standard","5":"has-post-thumbnail","7":"category-hidalgo"},"_links":{"self":[{"href":"https:\/\/elreporterohgo.com\/noticias\/wp-json\/wp\/v2\/posts\/45082","targetHints":{"allow":["GET"]}}],"collection":[{"href":"https:\/\/elreporterohgo.com\/noticias\/wp-json\/wp\/v2\/posts"}],"about":[{"href":"https:\/\/elreporterohgo.com\/noticias\/wp-json\/wp\/v2\/types\/post"}],"author":[{"embeddable":true,"href":"https:\/\/elreporterohgo.com\/noticias\/wp-json\/wp\/v2\/users\/2"}],"replies":[{"embeddable":true,"href":"https:\/\/elreporterohgo.com\/noticias\/wp-json\/wp\/v2\/comments?post=45082"}],"version-history":[{"count":1,"href":"https:\/\/elreporterohgo.com\/noticias\/wp-json\/wp\/v2\/posts\/45082\/revisions"}],"predecessor-version":[{"id":45085,"href":"https:\/\/elreporterohgo.com\/noticias\/wp-json\/wp\/v2\/posts\/45082\/revisions\/45085"}],"wp:featuredmedia":[{"embeddable":true,"href":"https:\/\/elreporterohgo.com\/noticias\/wp-json\/wp\/v2\/media\/45084"}],"wp:attachment":[{"href":"https:\/\/elreporterohgo.com\/noticias\/wp-json\/wp\/v2\/media?parent=45082"}],"wp:term":[{"taxonomy":"category","embeddable":true,"href":"https:\/\/elreporterohgo.com\/noticias\/wp-json\/wp\/v2\/categories?post=45082"},{"taxonomy":"post_tag","embeddable":true,"href":"https:\/\/elreporterohgo.com\/noticias\/wp-json\/wp\/v2\/tags?post=45082"}],"curies":[{"name":"wp","href":"https:\/\/api.w.org\/{rel}","templated":true}]}}