{"id":45026,"date":"2021-12-10T05:57:20","date_gmt":"2021-12-10T11:57:20","guid":{"rendered":"https:\/\/elreporterohgo.com\/noticias\/?p=45026"},"modified":"2021-12-10T05:57:21","modified_gmt":"2021-12-10T11:57:21","slug":"tras-las-rejas-por-presunta-agresion-a-mujer","status":"publish","type":"post","link":"https:\/\/elreporterohgo.com\/noticias\/2021\/12\/10\/tras-las-rejas-por-presunta-agresion-a-mujer\/","title":{"rendered":"Tras las rejas por presunta agresi\u00f3n a mujer"},"content":{"rendered":"\n<p><strong>A<\/strong><\/p>\n\n\n\n<figure class=\"wp-block-image\"><img fetchpriority=\"high\" decoding=\"async\" width=\"812\" height=\"1024\" src=\"https::\/\/elreporterohgo.com\/noticias\/wp-content\/uploads\/2021\/12\/091221-SSPH-MINERAL-DE-LA-REFORMA-812x1024.jpg\" alt=\"\" class=\"wp-image-45027\" srcset=\"https:\/\/elreporterohgo.com\/noticias\/wp-content\/uploads\/2021\/12\/091221-SSPH-MINERAL-DE-LA-REFORMA-812x1024.jpg 812w, https:\/\/elreporterohgo.com\/noticias\/wp-content\/uploads\/2021\/12\/091221-SSPH-MINERAL-DE-LA-REFORMA-238x300.jpg 238w, https:\/\/elreporterohgo.com\/noticias\/wp-content\/uploads\/2021\/12\/091221-SSPH-MINERAL-DE-LA-REFORMA-768x969.jpg 768w, https:\/\/elreporterohgo.com\/noticias\/wp-content\/uploads\/2021\/12\/091221-SSPH-MINERAL-DE-LA-REFORMA.jpg 1015w\" sizes=\"(max-width: 812px) 100vw, 812px\" \/><\/figure>\n\n\n\n<p>Pachuca de Soto, Hgo.- Ante el Ministerio\nP\u00fablico fue consignado un individuo, detenido por agentes de la Secretar\u00eda de\nSeguridad P\u00fablica de Hidalgo\nluego de la probable agresi\u00f3n en contra de una mujer\nen el municipio de Mineral de la Reforma.<\/p>\n\n\n\n<p>Un reporte al&nbsp; C5i de\nHidalgo, a trav\u00e9s del 911 de Emergencias, sobre una mujer lesionada por arma\nblanca en el fraccionamiento Bosques del Mineral activ\u00f3 los protocolos de actuaci\u00f3n para brindar\nauxilio. Param\u00e9dicos del H. Cuerpo de Bomberos de Hidalgo trasladaron a la\nv\u00edctima a una cl\u00ednica de Pachuca.<\/p>\n\n\n\n<p>Mediante operativo, agentes de la Polic\u00eda Estatal\nintervinieron y aseguraron a un hombre presuntamente relacionado con los hechos mientras se desplazaba\na bordo de un taxi, en inmediaciones de la localidad de Palma Gorda.<\/p>\n\n\n\n<p>El individuo, identificado como M.M.V., de 28 a\u00f1os, qued\u00f3\nrelacionado con la carpeta de investigaci\u00f3n iniciada para los tr\u00e1mites legales\nen consecuencia.<\/p>\n\n\n\n<p>La Secretar\u00eda de Seguridad P\u00fablica de Hidalgo reitera el\nllamado a la ciudadan\u00eda para contribuir con estas acciones, realizando reportes\nmediante el 911 de Emergencias y\/o al 089 para Denuncia An\u00f3nima.<\/p>\n\n\n\n<p>-0-<\/p>\n","protected":false},"excerpt":{"rendered":"<p>A Pachuca de Soto, Hgo.- Ante el Ministerio P\u00fablico fue consignado un individuo, detenido por agentes de la Secretar\u00eda de Seguridad P\u00fablica de Hidalgo luego de la probable agresi\u00f3n en contra de una mujer en el municipio de Mineral de la Reforma. Un reporte al&nbsp; C5i de Hidalgo, a trav\u00e9s del 911 de Emergencias, sobre<\/p>\n","protected":false},"author":2,"featured_media":45027,"comment_status":"open","ping_status":"closed","sticky":false,"template":"","format":"standard","meta":{"footnotes":""},"categories":[10],"tags":[],"class_list":{"0":"post-45026","1":"post","2":"type-post","3":"status-publish","4":"format-standard","5":"has-post-thumbnail","7":"category-hidalgo"},"_links":{"self":[{"href":"https:\/\/elreporterohgo.com\/noticias\/wp-json\/wp\/v2\/posts\/45026","targetHints":{"allow":["GET"]}}],"collection":[{"href":"https:\/\/elreporterohgo.com\/noticias\/wp-json\/wp\/v2\/posts"}],"about":[{"href":"https:\/\/elreporterohgo.com\/noticias\/wp-json\/wp\/v2\/types\/post"}],"author":[{"embeddable":true,"href":"https:\/\/elreporterohgo.com\/noticias\/wp-json\/wp\/v2\/users\/2"}],"replies":[{"embeddable":true,"href":"https:\/\/elreporterohgo.com\/noticias\/wp-json\/wp\/v2\/comments?post=45026"}],"version-history":[{"count":1,"href":"https:\/\/elreporterohgo.com\/noticias\/wp-json\/wp\/v2\/posts\/45026\/revisions"}],"predecessor-version":[{"id":45028,"href":"https:\/\/elreporterohgo.com\/noticias\/wp-json\/wp\/v2\/posts\/45026\/revisions\/45028"}],"wp:featuredmedia":[{"embeddable":true,"href":"https:\/\/elreporterohgo.com\/noticias\/wp-json\/wp\/v2\/media\/45027"}],"wp:attachment":[{"href":"https:\/\/elreporterohgo.com\/noticias\/wp-json\/wp\/v2\/media?parent=45026"}],"wp:term":[{"taxonomy":"category","embeddable":true,"href":"https:\/\/elreporterohgo.com\/noticias\/wp-json\/wp\/v2\/categories?post=45026"},{"taxonomy":"post_tag","embeddable":true,"href":"https:\/\/elreporterohgo.com\/noticias\/wp-json\/wp\/v2\/tags?post=45026"}],"curies":[{"name":"wp","href":"https:\/\/api.w.org\/{rel}","templated":true}]}}